{"id":243446,"date":"2026-04-28T05:28:35","date_gmt":"2026-04-28T05:28:35","guid":{"rendered":"https:\/\/enlace24.com\/web\/2026\/04\/28\/el-gobierno-oficializo-la-salida-de-frugoni-del-ministerio-de-economia-y-la-llegada-de-herrmann\/"},"modified":"2026-04-28T05:28:35","modified_gmt":"2026-04-28T05:28:35","slug":"el-gobierno-oficializo-la-salida-de-frugoni-del-ministerio-de-economia-y-la-llegada-de-herrmann","status":"publish","type":"post","link":"http:\/\/enlace24.com\/web\/2026\/04\/28\/el-gobierno-oficializo-la-salida-de-frugoni-del-ministerio-de-economia-y-la-llegada-de-herrmann\/","title":{"rendered":"El Gobierno oficializ\u00f3 la salida de Frugoni del Ministerio de Econom\u00eda y la llegada de Herrmann"},"content":{"rendered":"<p>Mediante un decreto publicado en el Bolet\u00edn Oficial, el Gobierno formaliz\u00f3 la llegada de <a href=\"https:\/\/www.lanacion.com.ar\/politica\/quien-es-fernando-herrmann-el-reemplazante-de-carlos-frugoni-en-el-ministerio-de-economia-nid26042026\/\" target=\"_self\" rel=\"\" title=\"https:\/\/www.lanacion.com.ar\/politica\/quien-es-fernando-herrmann-el-reemplazante-de-carlos-frugoni-en-el-ministerio-de-economia-nid26042026\/\"><b>Fernando Augusto Herrmann<\/b><\/a> como nuevo secretario de Coordinaci\u00f3n de Infraestructura del <b>Ministerio de Econom\u00eda, tras la salida de <\/b><a href=\"https:\/\/www.lanacion.com.ar\/politica\/echaron-a-carlos-frugoni-el-funcionario-de-economia-que-tiene-propiedades-sin-declarar-en-estados-nid26042026\/\" target=\"_self\" rel=\"\" title=\"https:\/\/www.lanacion.com.ar\/politica\/echaron-a-carlos-frugoni-el-funcionario-de-economia-que-tiene-propiedades-sin-declarar-en-estados-nid26042026\/\"><b>Carlos Mar\u00eda Frugoni<\/b><\/a>. Adem\u00e1s, incluy\u00f3 la designaci\u00f3n de <b>Mariano Ignacio Plencovich<\/b> al frente de la secretar\u00eda de Transporte.<\/p>\n<p>La decisi\u00f3n se oficializ\u00f3 este martes a la madrugada mediante el Decreto 286\/2026, con vigencia desde el 25 de abril. La norma lleva la firma del presidente <b>Javier Milei <\/b>y del ministro de Econom\u00eda, <b>Luis Caputo<\/b>.<\/p>\n<p><img loading=\"lazy\" decoding=\"async\" src=\"https:\/\/resizer.glanacion.com\/resizer\/v2\/PESC4EH6NNH3TJYSL4BCM7NSYI.jpg?auth=69a01ccb58867a8007faa036a0d5f951a2651d5d4294d0e15d3f8a9bdc81f5ef&amp;smart=true&amp;width=2000&amp;height=1333\" alt=\"En un decreto publicado este martes en el Bolet\u00edn Oficial, se acept\u00f3 la renuncia de Frugoni\" height=\"1333\" width=\"2000\" \/><\/p>\n<p>En primer lugar, el decreto dispuso la aceptaci\u00f3n de la renuncia de Frugoni al cargo de secretario de Coordinaci\u00f3n de Infraestructura, quien este domingo present\u00f3 su renuncia al cargo. En paralelo, tambi\u00e9n se formaliz\u00f3 la salida de Herrmann de la secretar\u00eda de transporte, funci\u00f3n que ocupaba hasta ese momento dentro de la misma cartera. A continuaci\u00f3n, el texto oficial establece la designaci\u00f3n de Herrmann en infraestructura. <\/p>\n<p>En tanto, para cubrir la vacante generada en transporte, el Gobierno nombr\u00f3 a <b>Plencovich <\/b>como nuevo secretario. Su designaci\u00f3n tambi\u00e9n rige desde el 25 de abril, en l\u00ednea con el resto de los movimientos definidos en el decreto.<\/p>\n<p><img loading=\"lazy\" decoding=\"async\" src=\"https:\/\/resizer.glanacion.com\/resizer\/v2\/CETP5PK7QNETNDFTENPQC36O5A.PNG?auth=583b53d052dd4d2989fef76b18365f21531bf475f1b27e29da612745adb33a0e&amp;smart=true&amp;width=392&amp;height=335\" alt=\"Herrmann fue designado como reemplazante de Frugoni\" height=\"335\" width=\"392\" \/><\/p>\n<p>Como inform\u00f3 <a href=\"https:\/\/www.lanacion.com.ar\/politica\/echaron-a-carlos-frugoni-el-funcionario-de-economia-que-tiene-propiedades-sin-declarar-en-estados-nid26042026\/\" target=\"_self\" rel=\"\" title=\"https:\/\/www.lanacion.com.ar\/politica\/echaron-a-carlos-frugoni-el-funcionario-de-economia-que-tiene-propiedades-sin-declarar-en-estados-nid26042026\/\"><b>LA NACION<\/b><\/a>, Frugoni fue despedido del Gobierno luego de que le detectaran al menos<b> siete propiedades y dos sociedades comerciales en Estados Unidos que no declar\u00f3 <\/b>ante la Oficina Anticorrupci\u00f3n (OA) ni la Agencia de Recaudaci\u00f3n y Control Aduanero (ARCA).<\/p>\n<p>El propio Frugoni hab\u00eda reconocido, cuando fueron expuestas sus propiedades en EE.UU., que <b>cometi\u00f3 un error al no declararlas ante el fisco argentino<\/b>.<\/p>\n<p><img loading=\"lazy\" decoding=\"async\" src=\"https:\/\/resizer.glanacion.com\/resizer\/v2\/5NK4HA3ZURCARJJN7WQVJY5FY4.jpg?auth=8d86d26a66ee12e55400d695562b17d68e24adbf580d2a41fe7c056822290299&amp;smart=true&amp;width=2000&amp;height=1333\" alt=\"La verificaci\u00f3n de las propiedades y sociedades en el exterior no declaradas por Frugoni se dio en el marco del esc\u00e1ndalo desatado en torno a Manuel Adorni (Foto: Luis ROBAYO \/ AFP)\" height=\"1333\" width=\"2000\" \/><\/p>\n<p>El encuadre de la salida de Frugoni fue motivo de diferencias en el relato oficial. <b>\u201cFue un despido\u201d<\/b>, sentenciaron de manera terminante voceros de la Presidencia. Por su parte, fuentes del Ministerio de Econom\u00eda advirtieron que fue Frugoni quien <b>present\u00f3 la renuncia <\/b>ante el ministro de Econom\u00eda, <b>Luis Caputo<\/b>, y que \u201cdecidi\u00f3 dar un paso al costado para aclarar su situaci\u00f3n\u201d.<\/p>\n<p>En el Gobierno buscaron, adem\u00e1s, diferenciar el caso de Frugoni del que afronta el jefe de Gabinete, <b>Manuel Adorni<\/b>, investigado por la Justicia por la compra de propiedades y viajes al exterior desde que es funcionario del gobierno de Javier Milei. \u201cLa diferencia es total: contra Manuel hay especulaciones, lo de Frugoni estaba comprobado\u201d, indicaron en Balcarce 50 a LA NACION. En el Palacio de Hacienda dieron un veredicto similar.<\/p>\n\n<p>Caputo defini\u00f3 que el reemplazante de Frugoni sea quien hasta este domingo por la noche era secretario de Transporte, <b>Fernando Herrmann<\/b>, un arquitecto de larga trayectoria en el sector privado que en enero de este a\u00f1o reemplaz\u00f3 a<b> Luis Pierrini<\/b> y debi\u00f3 hacerse cargo de las negociaciones con las empresas de colectivos y los gremios del sector. <\/p>\n<p>El nuevo secretario de Coordinaci\u00f3n de Infraestructura trabaj\u00f3 m\u00e1s de 34 a\u00f1os como director general de Estudio Herrmann y arquitectos asociados, desde enero de 1992, y ejerci\u00f3 m\u00e1s de 20 a\u00f1os como socio gerente de Arquigrupo SRL, desde agosto de 2005.<\/p>\n<p>\u200b<\/p>\n<p>Mediante un decreto publicado en el Bolet\u00edn Oficial, el Gobierno formaliz\u00f3 la llegada de <a href=\"https:\/\/www.lanacion.com.ar\/politica\/quien-es-fernando-herrmann-el-reemplazante-de-carlos-frugoni-en-el-ministerio-de-economia-nid26042026\/\" target=\"_self\" rel=\"\" title=\"https:\/\/www.lanacion.com.ar\/politica\/quien-es-fernando-herrmann-el-reemplazante-de-carlos-frugoni-en-el-ministerio-de-economia-nid26042026\/\"><b>Fernando Augusto Herrmann<\/b><\/a> como nuevo secretario de Coordinaci\u00f3n de Infraestructura del <b>Ministerio de Econom\u00eda, tras la salida de <\/b><a href=\"https:\/\/www.lanacion.com.ar\/politica\/echaron-a-carlos-frugoni-el-funcionario-de-economia-que-tiene-propiedades-sin-declarar-en-estados-nid26042026\/\" target=\"_self\" rel=\"\" title=\"https:\/\/www.lanacion.com.ar\/politica\/echaron-a-carlos-frugoni-el-funcionario-de-economia-que-tiene-propiedades-sin-declarar-en-estados-nid26042026\/\"><b>Carlos Mar\u00eda Frugoni<\/b><\/a>. Adem\u00e1s, incluy\u00f3 la designaci\u00f3n de <b>Mariano Ignacio Plencovich<\/b> al frente de la secretar\u00eda de Transporte.<\/p>\n<p>La decisi\u00f3n se oficializ\u00f3 este martes a la madrugada mediante el Decreto 286\/2026, con vigencia desde el 25 de abril. La norma lleva la firma del presidente <b>Javier Milei <\/b>y del ministro de Econom\u00eda, <b>Luis Caputo<\/b>.<\/p>\n<p><img loading=\"lazy\" decoding=\"async\" src=\"https:\/\/resizer.glanacion.com\/resizer\/v2\/PESC4EH6NNH3TJYSL4BCM7NSYI.jpg?auth=69a01ccb58867a8007faa036a0d5f951a2651d5d4294d0e15d3f8a9bdc81f5ef&amp;smart=true&amp;width=2000&amp;height=1333\" alt=\"En un decreto publicado este martes en el Bolet\u00edn Oficial, se acept\u00f3 la renuncia de Frugoni\" height=\"1333\" width=\"2000\" \/><\/p>\n<p>En primer lugar, el decreto dispuso la aceptaci\u00f3n de la renuncia de Frugoni al cargo de secretario de Coordinaci\u00f3n de Infraestructura, quien este domingo present\u00f3 su renuncia al cargo. En paralelo, tambi\u00e9n se formaliz\u00f3 la salida de Herrmann de la secretar\u00eda de transporte, funci\u00f3n que ocupaba hasta ese momento dentro de la misma cartera. A continuaci\u00f3n, el texto oficial establece la designaci\u00f3n de Herrmann en infraestructura. <\/p>\n<p>En tanto, para cubrir la vacante generada en transporte, el Gobierno nombr\u00f3 a <b>Plencovich <\/b>como nuevo secretario. Su designaci\u00f3n tambi\u00e9n rige desde el 25 de abril, en l\u00ednea con el resto de los movimientos definidos en el decreto.<\/p>\n<p><img loading=\"lazy\" decoding=\"async\" src=\"https:\/\/resizer.glanacion.com\/resizer\/v2\/CETP5PK7QNETNDFTENPQC36O5A.PNG?auth=583b53d052dd4d2989fef76b18365f21531bf475f1b27e29da612745adb33a0e&amp;smart=true&amp;width=392&amp;height=335\" alt=\"Herrmann fue designado como reemplazante de Frugoni\" height=\"335\" width=\"392\" \/><\/p>\n<p>Como inform\u00f3 <a href=\"https:\/\/www.lanacion.com.ar\/politica\/echaron-a-carlos-frugoni-el-funcionario-de-economia-que-tiene-propiedades-sin-declarar-en-estados-nid26042026\/\" target=\"_self\" rel=\"\" title=\"https:\/\/www.lanacion.com.ar\/politica\/echaron-a-carlos-frugoni-el-funcionario-de-economia-que-tiene-propiedades-sin-declarar-en-estados-nid26042026\/\"><b>LA NACION<\/b><\/a>, Frugoni fue despedido del Gobierno luego de que le detectaran al menos<b> siete propiedades y dos sociedades comerciales en Estados Unidos que no declar\u00f3 <\/b>ante la Oficina Anticorrupci\u00f3n (OA) ni la Agencia de Recaudaci\u00f3n y Control Aduanero (ARCA).<\/p>\n<p>El propio Frugoni hab\u00eda reconocido, cuando fueron expuestas sus propiedades en EE.UU., que <b>cometi\u00f3 un error al no declararlas ante el fisco argentino<\/b>.<\/p>\n<p><img loading=\"lazy\" decoding=\"async\" src=\"https:\/\/resizer.glanacion.com\/resizer\/v2\/5NK4HA3ZURCARJJN7WQVJY5FY4.jpg?auth=8d86d26a66ee12e55400d695562b17d68e24adbf580d2a41fe7c056822290299&amp;smart=true&amp;width=2000&amp;height=1333\" alt=\"La verificaci\u00f3n de las propiedades y sociedades en el exterior no declaradas por Frugoni se dio en el marco del esc\u00e1ndalo desatado en torno a Manuel Adorni (Foto: Luis ROBAYO \/ AFP)\" height=\"1333\" width=\"2000\" \/><\/p>\n<p>El encuadre de la salida de Frugoni fue motivo de diferencias en el relato oficial. <b>\u201cFue un despido\u201d<\/b>, sentenciaron de manera terminante voceros de la Presidencia. Por su parte, fuentes del Ministerio de Econom\u00eda advirtieron que fue Frugoni quien <b>present\u00f3 la renuncia <\/b>ante el ministro de Econom\u00eda, <b>Luis Caputo<\/b>, y que \u201cdecidi\u00f3 dar un paso al costado para aclarar su situaci\u00f3n\u201d.<\/p>\n<p>En el Gobierno buscaron, adem\u00e1s, diferenciar el caso de Frugoni del que afronta el jefe de Gabinete, <b>Manuel Adorni<\/b>, investigado por la Justicia por la compra de propiedades y viajes al exterior desde que es funcionario del gobierno de Javier Milei. \u201cLa diferencia es total: contra Manuel hay especulaciones, lo de Frugoni estaba comprobado\u201d, indicaron en Balcarce 50 a LA NACION. En el Palacio de Hacienda dieron un veredicto similar.<\/p>\n\n<p>Caputo defini\u00f3 que el reemplazante de Frugoni sea quien hasta este domingo por la noche era secretario de Transporte, <b>Fernando Herrmann<\/b>, un arquitecto de larga trayectoria en el sector privado que en enero de este a\u00f1o reemplaz\u00f3 a<b> Luis Pierrini<\/b> y debi\u00f3 hacerse cargo de las negociaciones con las empresas de colectivos y los gremios del sector. <\/p>\n<p>El nuevo secretario de Coordinaci\u00f3n de Infraestructura trabaj\u00f3 m\u00e1s de 34 a\u00f1os como director general de Estudio Herrmann y arquitectos asociados, desde enero de 1992, y ejerci\u00f3 m\u00e1s de 20 a\u00f1os como socio gerente de Arquigrupo SRL, desde agosto de 2005.<\/p>\n<p>\u00a0A trav\u00e9s de un decreto publicado en el Bolet\u00edn Oficial, el Ejecutivo avanz\u00f3 con las modificaciones en la secretar\u00eda de Infraestructura; adem\u00e1s, nombr\u00f3 a Mariano Plencovich en Transporte\u00a0\u00a0LA NACION<\/p>","protected":false},"excerpt":{"rendered":"<p>Mediante un decreto publicado en el Bolet\u00edn Oficial, el Gobierno formaliz\u00f3 la llegada de Fernando Augusto Herrmann como nuevo secretario de Coordinaci\u00f3n de Infraestructura del Ministerio de Econom\u00eda, tras la salida de Carlos Mar\u00eda Frugoni. Adem\u00e1s, incluy\u00f3 la designaci\u00f3n de Mariano Ignacio Plencovich al frente de la secretar\u00eda de Transporte. La decisi\u00f3n se oficializ\u00f3 este &hellip;<\/p>\n","protected":false},"author":1,"featured_media":243447,"comment_status":"","ping_status":"open","sticky":false,"template":"","format":"standard","meta":{"footnotes":""},"categories":[38,10],"tags":[],"class_list":["post-243446","post","type-post","status-publish","format-standard","has-post-thumbnail","hentry","category-nacionales","category-ultimasnoticias"],"_links":{"self":[{"href":"http:\/\/enlace24.com\/web\/wp-json\/wp\/v2\/posts\/243446","targetHints":{"allow":["GET"]}}],"collection":[{"href":"http:\/\/enlace24.com\/web\/wp-json\/wp\/v2\/posts"}],"about":[{"href":"http:\/\/enlace24.com\/web\/wp-json\/wp\/v2\/types\/post"}],"author":[{"embeddable":true,"href":"http:\/\/enlace24.com\/web\/wp-json\/wp\/v2\/users\/1"}],"replies":[{"embeddable":true,"href":"http:\/\/enlace24.com\/web\/wp-json\/wp\/v2\/comments?post=243446"}],"version-history":[{"count":0,"href":"http:\/\/enlace24.com\/web\/wp-json\/wp\/v2\/posts\/243446\/revisions"}],"wp:featuredmedia":[{"embeddable":true,"href":"http:\/\/enlace24.com\/web\/wp-json\/wp\/v2\/media\/243447"}],"wp:attachment":[{"href":"http:\/\/enlace24.com\/web\/wp-json\/wp\/v2\/media?parent=243446"}],"wp:term":[{"taxonomy":"category","embeddable":true,"href":"http:\/\/enlace24.com\/web\/wp-json\/wp\/v2\/categories?post=243446"},{"taxonomy":"post_tag","embeddable":true,"href":"http:\/\/enlace24.com\/web\/wp-json\/wp\/v2\/tags?post=243446"}],"curies":[{"name":"wp","href":"https:\/\/api.w.org\/{rel}","templated":true}]}}