{"id":243444,"date":"2026-04-28T05:28:31","date_gmt":"2026-04-28T05:28:31","guid":{"rendered":"https:\/\/enlace24.com\/web\/2026\/04\/28\/mauricio-macri-y-patricia-bullrich-se-reencontraron-en-la-cena-de-la-fundacion-libertad\/"},"modified":"2026-04-28T05:28:31","modified_gmt":"2026-04-28T05:28:31","slug":"mauricio-macri-y-patricia-bullrich-se-reencontraron-en-la-cena-de-la-fundacion-libertad","status":"publish","type":"post","link":"http:\/\/enlace24.com\/web\/2026\/04\/28\/mauricio-macri-y-patricia-bullrich-se-reencontraron-en-la-cena-de-la-fundacion-libertad\/","title":{"rendered":"Mauricio Macri y Patricia Bullrich se reencontraron en la cena de la Fundaci\u00f3n Libertad"},"content":{"rendered":"<p>El expresidente <b>Mauricio Macri <\/b>y la senadora nacional de La Libertad Avanza (LLA) <b>Patricia Bullrich <\/b>se reencontraron este lunes por la noche en el marco de la cena anual de la <a href=\"https:\/\/www.lanacion.com.ar\/politica\/mauricio-macri-el-populismo-se-esta-agotando-en-la-argentina-nid27042026\/\" target=\"_blank\" rel=\"noreferrer\" title=\"https:\/\/www.lanacion.com.ar\/politica\/mauricio-macri-el-populismo-se-esta-agotando-en-la-argentina-nid27042026\/\"><b>Fundaci\u00f3n Libertad<\/b><\/a>. La exministra de Seguridad y el titular de Pro se saludaron cordialmente y se dieron un abrazo en la previa del discurso del presidente <a href=\"https:\/\/www.lanacion.com.ar\/politica\/javier-milei-cierra-la-cena-anual-de-la-fundacion-libertad-nid27042026\/\" target=\"_blank\" rel=\"noreferrer\" title=\"https:\/\/www.lanacion.com.ar\/politica\/javier-milei-cierra-la-cena-anual-de-la-fundacion-libertad-nid27042026\/\"><b>Javier Milei<\/b><\/a>, que cerr\u00f3 el evento.<\/p>\n<p>El acercamiento entre ambos qued\u00f3 grabado en un video que se viraliz\u00f3 enseguida en redes sociales, en un contexto en el que hac\u00eda meses que no se los ve\u00eda juntos en p\u00fablico. Los dos, que supieron liderar el sector de Pro conocido como los \u201chalcones\u201d antes de la elecci\u00f3n presidencial de 2023, se mostraron cordiales durante el saludo. <\/p>\n<figure><video height=\"1280\" width=\"960\" poster=\"https:\/\/cdn.jwplayer.com\/v2\/media\/4dqUq5vu\/poster.jpg?width=720\" preload=\"none\"><\/video><figcaption>As\u00ed Fue El Saludo Entre Macri Y Bullrich en la cena anual de la Fundaci\u00f3n Libertad<\/figcaption><\/figure>\n<p>El saludo se dio luego del intercambio que mantuvo Macri en el escenario con el escritor Mario Vargas Llosa. Fue la exfuncionaria, vestida de blanco, quien se acerc\u00f3 <b>hasta la mesa donde estaba ubicado el expresidente y lo salud\u00f3 afectuosamente<\/b>, con un beso y un abrazo. Luego de un intercambio verbal de pocos segundos, <a href=\"https:\/\/www.lanacion.com.ar\/politica\/mauricio-macri-el-populismo-se-esta-agotando-en-la-argentina-nid27042026\/\" target=\"_blank\" rel=\"noreferrer\" title=\"https:\/\/www.lanacion.com.ar\/politica\/mauricio-macri-el-populismo-se-esta-agotando-en-la-argentina-nid27042026\/\">ambos dirigentes se despidieron con una palmada en la espalda<\/a>. <\/p>\n<p>El gesto, breve pero cargado de simbolismo, <b>volvi\u00f3 a poner en primer plano una relaci\u00f3n pol\u00edtica que supo ser central en la constituci\u00f3n de Pro<\/b>. Durante el gobierno de Macri, Bullrich ocup\u00f3 el rol de ministra de Seguridad, compartiendo una agenda com\u00fan, especialmente en esa materia y sobre todo en cuanto al orden p\u00fablico.<\/p>\n<p><img loading=\"lazy\" decoding=\"async\" src=\"https:\/\/resizer.glanacion.com\/resizer\/v2\/HJ2MMTJCTRE3VNYNXJ7W4LAUGM.JPG?auth=d4b199df49852c8e4c721153b4dda0547771d2553f9800bdb1c841856651a6c3&amp;smart=true&amp;width=1855&amp;height=1333\" alt=\"Milei con Macri y Bullrich durante la jornada en la que el libertario se alz\u00f3 con la presidencia\" height=\"1333\" width=\"1855\" \/><\/p>\n<p>Sin embargo, el punto de inflexi\u00f3n lleg\u00f3 cuando Bullrich decidi\u00f3 avanzar en un acercamiento con <b>La Libertad Avanza<\/b>, bajo el liderazgo de Javier Milei, una movida que redefini\u00f3 alianzas y tens\u00f3 su relaci\u00f3n con Macri. Aquella decisi\u00f3n implic\u00f3 no solo un corrimiento t\u00e1ctico, sino tambi\u00e9n <b>una reconfiguraci\u00f3n del mapa opositor<\/b>.<\/p>\n<h1>Qu\u00e9 dijo Macri en la cena de la Fundaci\u00f3n Libertad<\/h1>\n<p>El expresidente <b>Mauricio Macri<\/b> particip\u00f3 de la cena de la <a href=\"https:\/\/www.lanacion.com.ar\/politica\/javier-milei-cierra-la-cena-anual-de-la-fundacion-libertad-nid27042026\/\" rel=\"\" title=\"https:\/\/www.lanacion.com.ar\/politica\/javier-milei-cierra-la-cena-anual-de-la-fundacion-libertad-nid27042026\/\">Fundaci\u00f3n Libertad<\/a>, en la previa del discurso de <a href=\"https:\/\/www.lanacion.com.ar\/politica\/javier-milei-cierra-la-cena-anual-de-la-fundacion-libertad-nid27042026\/\" rel=\"\" title=\"https:\/\/www.lanacion.com.ar\/politica\/javier-milei-cierra-la-cena-anual-de-la-fundacion-libertad-nid27042026\/\"><b>Javier Milei<\/b>.<\/a> Entrevistado por <b>\u00c1lvaro Vargas Llosa<\/b>, el expresidente manifest\u00f3 que se est\u00e1n impulsando las ideas \u201cde la libertad\u201d en la Argentina y se refiri\u00f3 a la situaci\u00f3n en <b>Venezuela <\/b>tras la ca\u00edda del r\u00e9gimen de Nicol\u00e1s Maduro.<\/p>\n<p>Luego de las palabras de apertura de <b>Gerardo Bongiovanni<\/b>, presidente de la Fundaci\u00f3n, el expresidente aludi\u00f3 al rumbo que est\u00e1 asumiendo la Argentina. Luego, escuch\u00f3 un mensaje grabado por la dirigente venezolana y Premio Nobel de la Paz, <b>Mar\u00eda Corina Machado<\/b>.<\/p>\n<p><img loading=\"lazy\" decoding=\"async\" src=\"https:\/\/resizer.glanacion.com\/resizer\/v2\/2A3DVALL35BSXECZWKDVDRHXZM.png?auth=b9fe0fe251aefe7512eaea7ba21c3801dce411d28f751c65718c88a1be2cbb62&amp;smart=true&amp;width=920&amp;height=599\" alt=\"El expresidente Mauricio Macri en Fundaci\u00f3n Libertad\" height=\"599\" width=\"920\" \/><\/p>\n<p><b>\u201cEs un gran ejemplo para muchos de los dirigentes que hoy est\u00e1n ac\u00e1\u201c, <\/b>sostuvo Macri en alusi\u00f3n al mensaje de Corina Machado. Seg\u00fan el fundador de Pro, la dirigente venezolana es \u201cun gran ejemplo de una dirigente sin ego\u201d. Respecto a la situaci\u00f3n en el pa\u00eds caribe\u00f1o, pregon\u00f3 para que la destituci\u00f3n de Nicol\u00e1s Maduro sea el \u201c<b>punto de partida y no el de llegada<\/b>\u201d.<\/p>\n<p>\u201cCorina tuvo todo un Gobierno persigui\u00e9ndola, batallando como una gladiadora y de golpe ver este movimiento de los venezolanos, es muy positivo\u201d, analiz\u00f3 Macri. Seg\u00fan el expresidente, \u201clos venezolanos dijeron: \u2018<b>al menos salimos del punto del no retorno y tenemos esperanza<\/b>\u2019\u201d.<\/p>\n<p>Sobre la figura Machado, Macri subray\u00f3: \u201c<b>Es un liderazgo firme pero sereno<\/b>. Y eso lo demostr\u00f3 yendo a la Casa Blanca para agradecerle a Donald Trump, pese a que este parece no haberla elegido a ella para esta transici\u00f3n que se vive en Venezuela\u201d. \u201c<b>Venezuela merece restablecer la democracia plena<\/b>\u201d, insisti\u00f3 el expresidente.<\/p>\n<p>\u201c<b>\u00bfLa derecha est\u00e1 de moda en la regi\u00f3n?<\/b>\u201c, fue una de las preguntas que Vargas Llosa le hizo a Macri. \u201cSoy m\u00e1s optimista\u201d, devolvi\u00f3 el expresidente.<\/p>\n<p>\u201c<b>El populismo se est\u00e1 agotando<\/b>. Tal vez se invent\u00f3 en la Argentina y lo exportamos exitosamente al mundo. Se est\u00e1 agotando ac\u00e1 y en la regi\u00f3n. Hay much\u00edsima m\u00e1s gente que entiende la importancia de la meritocracia, del libre emprender, cosas que antes estaban tapadas\u201d, argument\u00f3.<\/p>\n<p><img loading=\"lazy\" decoding=\"async\" src=\"https:\/\/resizer.glanacion.com\/resizer\/v2\/3RIR32G34NHX3CADULZHJMDM24.jpg?auth=5b1e20c0b39b0e4cfb724989a2580d4d3f5cd8617178f52339391ca5adf83e4f&amp;smart=true&amp;width=3200&amp;height=2133\" alt=\"Macri enalteci\u00f3 la figura pol\u00edtica de Corina Machado\" height=\"2133\" width=\"3200\" \/><\/p>\n<p>Para Macri, \u201chay oportunidades en la medida que generemos confianza: <b>ya se acab\u00f3 ese discurso tramposo de que el Estado te resuelve todo<\/b>\u201d.<\/p>\n<p>Por \u00faltimo, el dirigente de Pro volvi\u00f3 a insistir sobre la situaci\u00f3n del escenario pol\u00edtico local.<\/p>\n<p>\u201cEstas ideas que hoy imperan en la Argentina conducen a la felicidad\u201d, asever\u00f3 Macri. Al hacer referencia al horizonte, el exmandatario coment\u00f3: \u201c<b>Soy optimista en un mundo incierto<\/b> y con todo lo que est\u00e1 pasando en el Golfo. Somos una regi\u00f3n llamada a aprovechar estas oportunidades. La confianza se genera a trav\u00e9s de la perseverancia con leyes inteligentes y modernas\u00bb. <\/p>\n<p>\u201cAdem\u00e1s, <b>hoy tenemos seguridad jur\u00eddica, infraestructura y no tantas regulaciones<\/b>\u201d, cerr\u00f3 Macri. <\/p>\n<h1> <\/h1>\n<p>\u200b<\/p>\n<p>El expresidente <b>Mauricio Macri <\/b>y la senadora nacional de La Libertad Avanza (LLA) <b>Patricia Bullrich <\/b>se reencontraron este lunes por la noche en el marco de la cena anual de la <a href=\"https:\/\/www.lanacion.com.ar\/politica\/mauricio-macri-el-populismo-se-esta-agotando-en-la-argentina-nid27042026\/\" target=\"_blank\" rel=\"noreferrer\" title=\"https:\/\/www.lanacion.com.ar\/politica\/mauricio-macri-el-populismo-se-esta-agotando-en-la-argentina-nid27042026\/\"><b>Fundaci\u00f3n Libertad<\/b><\/a>. La exministra de Seguridad y el titular de Pro se saludaron cordialmente y se dieron un abrazo en la previa del discurso del presidente <a href=\"https:\/\/www.lanacion.com.ar\/politica\/javier-milei-cierra-la-cena-anual-de-la-fundacion-libertad-nid27042026\/\" target=\"_blank\" rel=\"noreferrer\" title=\"https:\/\/www.lanacion.com.ar\/politica\/javier-milei-cierra-la-cena-anual-de-la-fundacion-libertad-nid27042026\/\"><b>Javier Milei<\/b><\/a>, que cerr\u00f3 el evento.<\/p>\n<p>El acercamiento entre ambos qued\u00f3 grabado en un video que se viraliz\u00f3 enseguida en redes sociales, en un contexto en el que hac\u00eda meses que no se los ve\u00eda juntos en p\u00fablico. Los dos, que supieron liderar el sector de Pro conocido como los \u201chalcones\u201d antes de la elecci\u00f3n presidencial de 2023, se mostraron cordiales durante el saludo. <\/p>\n<figure><video height=\"1280\" width=\"960\" poster=\"https:\/\/cdn.jwplayer.com\/v2\/media\/4dqUq5vu\/poster.jpg?width=720\" preload=\"none\"><\/video><figcaption>As\u00ed Fue El Saludo Entre Macri Y Bullrich en la cena anual de la Fundaci\u00f3n Libertad<\/figcaption><\/figure>\n<p>El saludo se dio luego del intercambio que mantuvo Macri en el escenario con el escritor Mario Vargas Llosa. Fue la exfuncionaria, vestida de blanco, quien se acerc\u00f3 <b>hasta la mesa donde estaba ubicado el expresidente y lo salud\u00f3 afectuosamente<\/b>, con un beso y un abrazo. Luego de un intercambio verbal de pocos segundos, <a href=\"https:\/\/www.lanacion.com.ar\/politica\/mauricio-macri-el-populismo-se-esta-agotando-en-la-argentina-nid27042026\/\" target=\"_blank\" rel=\"noreferrer\" title=\"https:\/\/www.lanacion.com.ar\/politica\/mauricio-macri-el-populismo-se-esta-agotando-en-la-argentina-nid27042026\/\">ambos dirigentes se despidieron con una palmada en la espalda<\/a>. <\/p>\n<p>El gesto, breve pero cargado de simbolismo, <b>volvi\u00f3 a poner en primer plano una relaci\u00f3n pol\u00edtica que supo ser central en la constituci\u00f3n de Pro<\/b>. Durante el gobierno de Macri, Bullrich ocup\u00f3 el rol de ministra de Seguridad, compartiendo una agenda com\u00fan, especialmente en esa materia y sobre todo en cuanto al orden p\u00fablico.<\/p>\n<p><img loading=\"lazy\" decoding=\"async\" src=\"https:\/\/resizer.glanacion.com\/resizer\/v2\/HJ2MMTJCTRE3VNYNXJ7W4LAUGM.JPG?auth=d4b199df49852c8e4c721153b4dda0547771d2553f9800bdb1c841856651a6c3&amp;smart=true&amp;width=1855&amp;height=1333\" alt=\"Milei con Macri y Bullrich durante la jornada en la que el libertario se alz\u00f3 con la presidencia\" height=\"1333\" width=\"1855\" \/><\/p>\n<p>Sin embargo, el punto de inflexi\u00f3n lleg\u00f3 cuando Bullrich decidi\u00f3 avanzar en un acercamiento con <b>La Libertad Avanza<\/b>, bajo el liderazgo de Javier Milei, una movida que redefini\u00f3 alianzas y tens\u00f3 su relaci\u00f3n con Macri. Aquella decisi\u00f3n implic\u00f3 no solo un corrimiento t\u00e1ctico, sino tambi\u00e9n <b>una reconfiguraci\u00f3n del mapa opositor<\/b>.<\/p>\n<h1>Qu\u00e9 dijo Macri en la cena de la Fundaci\u00f3n Libertad<\/h1>\n<p>El expresidente <b>Mauricio Macri<\/b> particip\u00f3 de la cena de la <a href=\"https:\/\/www.lanacion.com.ar\/politica\/javier-milei-cierra-la-cena-anual-de-la-fundacion-libertad-nid27042026\/\" rel=\"\" title=\"https:\/\/www.lanacion.com.ar\/politica\/javier-milei-cierra-la-cena-anual-de-la-fundacion-libertad-nid27042026\/\">Fundaci\u00f3n Libertad<\/a>, en la previa del discurso de <a href=\"https:\/\/www.lanacion.com.ar\/politica\/javier-milei-cierra-la-cena-anual-de-la-fundacion-libertad-nid27042026\/\" rel=\"\" title=\"https:\/\/www.lanacion.com.ar\/politica\/javier-milei-cierra-la-cena-anual-de-la-fundacion-libertad-nid27042026\/\"><b>Javier Milei<\/b>.<\/a> Entrevistado por <b>\u00c1lvaro Vargas Llosa<\/b>, el expresidente manifest\u00f3 que se est\u00e1n impulsando las ideas \u201cde la libertad\u201d en la Argentina y se refiri\u00f3 a la situaci\u00f3n en <b>Venezuela <\/b>tras la ca\u00edda del r\u00e9gimen de Nicol\u00e1s Maduro.<\/p>\n<p>Luego de las palabras de apertura de <b>Gerardo Bongiovanni<\/b>, presidente de la Fundaci\u00f3n, el expresidente aludi\u00f3 al rumbo que est\u00e1 asumiendo la Argentina. Luego, escuch\u00f3 un mensaje grabado por la dirigente venezolana y Premio Nobel de la Paz, <b>Mar\u00eda Corina Machado<\/b>.<\/p>\n<p><img loading=\"lazy\" decoding=\"async\" src=\"https:\/\/resizer.glanacion.com\/resizer\/v2\/2A3DVALL35BSXECZWKDVDRHXZM.png?auth=b9fe0fe251aefe7512eaea7ba21c3801dce411d28f751c65718c88a1be2cbb62&amp;smart=true&amp;width=920&amp;height=599\" alt=\"El expresidente Mauricio Macri en Fundaci\u00f3n Libertad\" height=\"599\" width=\"920\" \/><\/p>\n<p><b>\u201cEs un gran ejemplo para muchos de los dirigentes que hoy est\u00e1n ac\u00e1\u201c, <\/b>sostuvo Macri en alusi\u00f3n al mensaje de Corina Machado. Seg\u00fan el fundador de Pro, la dirigente venezolana es \u201cun gran ejemplo de una dirigente sin ego\u201d. Respecto a la situaci\u00f3n en el pa\u00eds caribe\u00f1o, pregon\u00f3 para que la destituci\u00f3n de Nicol\u00e1s Maduro sea el \u201c<b>punto de partida y no el de llegada<\/b>\u201d.<\/p>\n<p>\u201cCorina tuvo todo un Gobierno persigui\u00e9ndola, batallando como una gladiadora y de golpe ver este movimiento de los venezolanos, es muy positivo\u201d, analiz\u00f3 Macri. Seg\u00fan el expresidente, \u201clos venezolanos dijeron: \u2018<b>al menos salimos del punto del no retorno y tenemos esperanza<\/b>\u2019\u201d.<\/p>\n<p>Sobre la figura Machado, Macri subray\u00f3: \u201c<b>Es un liderazgo firme pero sereno<\/b>. Y eso lo demostr\u00f3 yendo a la Casa Blanca para agradecerle a Donald Trump, pese a que este parece no haberla elegido a ella para esta transici\u00f3n que se vive en Venezuela\u201d. \u201c<b>Venezuela merece restablecer la democracia plena<\/b>\u201d, insisti\u00f3 el expresidente.<\/p>\n<p>\u201c<b>\u00bfLa derecha est\u00e1 de moda en la regi\u00f3n?<\/b>\u201c, fue una de las preguntas que Vargas Llosa le hizo a Macri. \u201cSoy m\u00e1s optimista\u201d, devolvi\u00f3 el expresidente.<\/p>\n<p>\u201c<b>El populismo se est\u00e1 agotando<\/b>. Tal vez se invent\u00f3 en la Argentina y lo exportamos exitosamente al mundo. Se est\u00e1 agotando ac\u00e1 y en la regi\u00f3n. Hay much\u00edsima m\u00e1s gente que entiende la importancia de la meritocracia, del libre emprender, cosas que antes estaban tapadas\u201d, argument\u00f3.<\/p>\n<p><img loading=\"lazy\" decoding=\"async\" src=\"https:\/\/resizer.glanacion.com\/resizer\/v2\/3RIR32G34NHX3CADULZHJMDM24.jpg?auth=5b1e20c0b39b0e4cfb724989a2580d4d3f5cd8617178f52339391ca5adf83e4f&amp;smart=true&amp;width=3200&amp;height=2133\" alt=\"Macri enalteci\u00f3 la figura pol\u00edtica de Corina Machado\" height=\"2133\" width=\"3200\" \/><\/p>\n<p>Para Macri, \u201chay oportunidades en la medida que generemos confianza: <b>ya se acab\u00f3 ese discurso tramposo de que el Estado te resuelve todo<\/b>\u201d.<\/p>\n<p>Por \u00faltimo, el dirigente de Pro volvi\u00f3 a insistir sobre la situaci\u00f3n del escenario pol\u00edtico local.<\/p>\n<p>\u201cEstas ideas que hoy imperan en la Argentina conducen a la felicidad\u201d, asever\u00f3 Macri. Al hacer referencia al horizonte, el exmandatario coment\u00f3: \u201c<b>Soy optimista en un mundo incierto<\/b> y con todo lo que est\u00e1 pasando en el Golfo. Somos una regi\u00f3n llamada a aprovechar estas oportunidades. La confianza se genera a trav\u00e9s de la perseverancia con leyes inteligentes y modernas\u00bb. <\/p>\n<p>\u201cAdem\u00e1s, <b>hoy tenemos seguridad jur\u00eddica, infraestructura y no tantas regulaciones<\/b>\u201d, cerr\u00f3 Macri. <\/p>\n<h1> <\/h1>\n<p>\u00a0La senadora libertaria se acerc\u00f3 a saludar al expresidente minutos antes del discurso de Javier Milei y se dieron un abrazo\u00a0\u00a0LA NACION<\/p>","protected":false},"excerpt":{"rendered":"<p>El expresidente Mauricio Macri y la senadora nacional de La Libertad Avanza (LLA) Patricia Bullrich se reencontraron este lunes por la noche en el marco de la cena anual de la Fundaci\u00f3n Libertad. La exministra de Seguridad y el titular de Pro se saludaron cordialmente y se dieron un abrazo en la previa del discurso &hellip;<\/p>\n","protected":false},"author":1,"featured_media":243445,"comment_status":"","ping_status":"open","sticky":false,"template":"","format":"standard","meta":{"footnotes":""},"categories":[38,10],"tags":[],"class_list":["post-243444","post","type-post","status-publish","format-standard","has-post-thumbnail","hentry","category-nacionales","category-ultimasnoticias"],"_links":{"self":[{"href":"http:\/\/enlace24.com\/web\/wp-json\/wp\/v2\/posts\/243444","targetHints":{"allow":["GET"]}}],"collection":[{"href":"http:\/\/enlace24.com\/web\/wp-json\/wp\/v2\/posts"}],"about":[{"href":"http:\/\/enlace24.com\/web\/wp-json\/wp\/v2\/types\/post"}],"author":[{"embeddable":true,"href":"http:\/\/enlace24.com\/web\/wp-json\/wp\/v2\/users\/1"}],"replies":[{"embeddable":true,"href":"http:\/\/enlace24.com\/web\/wp-json\/wp\/v2\/comments?post=243444"}],"version-history":[{"count":0,"href":"http:\/\/enlace24.com\/web\/wp-json\/wp\/v2\/posts\/243444\/revisions"}],"wp:featuredmedia":[{"embeddable":true,"href":"http:\/\/enlace24.com\/web\/wp-json\/wp\/v2\/media\/243445"}],"wp:attachment":[{"href":"http:\/\/enlace24.com\/web\/wp-json\/wp\/v2\/media?parent=243444"}],"wp:term":[{"taxonomy":"category","embeddable":true,"href":"http:\/\/enlace24.com\/web\/wp-json\/wp\/v2\/categories?post=243444"},{"taxonomy":"post_tag","embeddable":true,"href":"http:\/\/enlace24.com\/web\/wp-json\/wp\/v2\/tags?post=243444"}],"curies":[{"name":"wp","href":"https:\/\/api.w.org\/{rel}","templated":true}]}}