{"id":243439,"date":"2026-04-28T05:28:10","date_gmt":"2026-04-28T05:28:10","guid":{"rendered":"https:\/\/enlace24.com\/web\/2026\/04\/28\/luka-modric-sufrio-una-doble-fractura-facial\/"},"modified":"2026-04-28T05:28:10","modified_gmt":"2026-04-28T05:28:10","slug":"luka-modric-sufrio-una-doble-fractura-facial","status":"publish","type":"post","link":"http:\/\/enlace24.com\/web\/2026\/04\/28\/luka-modric-sufrio-una-doble-fractura-facial\/","title":{"rendered":"Luka Modric sufri\u00f3 una doble fractura facial"},"content":{"rendered":"<figure>\n                        <img decoding=\"async\" src=\"https:\/\/diariocronica-s3.cdn.net.ar\/s3i233\/2026\/04\/diariocronica\/images\/02\/57\/19\/2571937_fe5dbccf3f9130e2dbdb96947478075f908075ea2c025c335f4865f7db427062\/md.webp\" alt=\"\" class=\"type:primaryImage\" \/><figcaption>Luka Modric sufri\u00f3 una doble fractura de pomulo tras un choque de cabeza en el partido del Mil\u00e1n contra la Juventus &#8211; cr\u00e9dito Daniele Mascolo\/REUTERS.<\/figcaption><\/figure>\n<p>\u200b<\/p>\n<figure>\n                        <img decoding=\"async\" src=\"https:\/\/diariocronica-s3.cdn.net.ar\/s3i233\/2026\/04\/diariocronica\/images\/02\/57\/19\/2571937_fe5dbccf3f9130e2dbdb96947478075f908075ea2c025c335f4865f7db427062\/md.webp\" alt=\"\" class=\"type:primaryImage\" \/><figcaption>Luka Modric sufri\u00f3 una doble fractura de pomulo tras un choque de cabeza en el partido del Mil\u00e1n contra la Juventus &#8211; cr\u00e9dito Daniele Mascolo\/REUTERS.<\/figcaption><\/figure>\n<p>\u00a0Luka Modric se fractur\u00f3 el p\u00f3mulo en el Milan frente a Juventus y ser\u00e1 operado. Se perder\u00e1 el cierre de la Serie A, aunque aseguran que estar\u00e1 al tope con Croacia en el Mundial.\u00a0\u00a0<a href=\"https:\/\/www.diariocronica.com.ar\/noticias\/2026\/04\/28\/139629-luka-modric-sufrio-una-doble-fractura-facial\" target=\"_blank\" class=\"feedzy-rss-link-icon\">Leer m\u00e1s<\/a><\/p>","protected":false},"excerpt":{"rendered":"<p>Luka Modric sufri\u00f3 una doble fractura de pomulo tras un choque de cabeza en el partido del Mil\u00e1n contra la Juventus &#8211; cr\u00e9dito Daniele Mascolo\/REUTERS. \u200b Luka Modric sufri\u00f3 una doble fractura de pomulo tras un choque de cabeza en el partido del Mil\u00e1n contra la Juventus &#8211; cr\u00e9dito Daniele Mascolo\/REUTERS. \u00a0Luka Modric se fractur\u00f3 &hellip;<\/p>\n","protected":false},"author":1,"featured_media":243440,"comment_status":"","ping_status":"open","sticky":false,"template":"","format":"standard","meta":{"footnotes":""},"categories":[28,10],"tags":[],"class_list":["post-243439","post","type-post","status-publish","format-standard","has-post-thumbnail","hentry","category-deporte","category-ultimasnoticias"],"_links":{"self":[{"href":"http:\/\/enlace24.com\/web\/wp-json\/wp\/v2\/posts\/243439","targetHints":{"allow":["GET"]}}],"collection":[{"href":"http:\/\/enlace24.com\/web\/wp-json\/wp\/v2\/posts"}],"about":[{"href":"http:\/\/enlace24.com\/web\/wp-json\/wp\/v2\/types\/post"}],"author":[{"embeddable":true,"href":"http:\/\/enlace24.com\/web\/wp-json\/wp\/v2\/users\/1"}],"replies":[{"embeddable":true,"href":"http:\/\/enlace24.com\/web\/wp-json\/wp\/v2\/comments?post=243439"}],"version-history":[{"count":0,"href":"http:\/\/enlace24.com\/web\/wp-json\/wp\/v2\/posts\/243439\/revisions"}],"wp:featuredmedia":[{"embeddable":true,"href":"http:\/\/enlace24.com\/web\/wp-json\/wp\/v2\/media\/243440"}],"wp:attachment":[{"href":"http:\/\/enlace24.com\/web\/wp-json\/wp\/v2\/media?parent=243439"}],"wp:term":[{"taxonomy":"category","embeddable":true,"href":"http:\/\/enlace24.com\/web\/wp-json\/wp\/v2\/categories?post=243439"},{"taxonomy":"post_tag","embeddable":true,"href":"http:\/\/enlace24.com\/web\/wp-json\/wp\/v2\/tags?post=243439"}],"curies":[{"name":"wp","href":"https:\/\/api.w.org\/{rel}","templated":true}]}}