{"id":243410,"date":"2026-04-28T03:28:48","date_gmt":"2026-04-28T03:28:48","guid":{"rendered":"http:\/\/enlace24.com\/web\/2026\/04\/28\/cartas-de-lectores-reflexion-matar-por-matar-religion-y-musica\/"},"modified":"2026-04-28T03:28:48","modified_gmt":"2026-04-28T03:28:48","slug":"cartas-de-lectores-reflexion-matar-por-matar-religion-y-musica","status":"publish","type":"post","link":"http:\/\/enlace24.com\/web\/2026\/04\/28\/cartas-de-lectores-reflexion-matar-por-matar-religion-y-musica\/","title":{"rendered":"Cartas de lectores: Reflexi\u00f3n, matar por matar, religi\u00f3n y m\u00fasica"},"content":{"rendered":"<p><b>Reflexi\u00f3n<\/b><\/p>\n<p>La semana pasada, con motivo de del acto de graduaci\u00f3n de mi hija, cantamos muy emotivamente el Himno Nacional.Me emocion\u00f3 cantar fuerte y pasionalmente. Me gustar\u00eda que tengamos muy presente lo que ser\u00e1 la historia. \u201cSean eternos los laureles que supimos conseguir, coronados de gloria vivamos, o juremos de gloria morir\u2026\u201d<\/p>\n<p>Mucho en riesgo, \u00bfno? \u00bfMe explico?<\/p>\n<p><b>Mat\u00edas Bourdieu<\/b><\/p>\n<p><a href=\"mailto:mat%C3%ADas.bourdieu@gmail.com\" rel=\"\">mat\u00edas.bourdieu@gmail.com<\/a><\/p>\n<p><b>Matar por matar<\/b><\/p>\n<p>\u00bfVamos a seguir afirmando que a los 14 a\u00f1os un adolescente no debe ser juzgado como un delincuente mayor?Los que eso afirman y critican los 14a\u00f1os de edadcomo muy baja deber\u00edan caminarsolos, sin comitiva ni custodia, por los barrios donde el homicidio es cometidoporque s\u00edpor adolescentes de menos de 14 a\u00f1os.El delito es uno, no importa a qu\u00e9 edad se cometa.\u00bfComo recuperar vidas j\u00f3venes y valiosas para la sociedad terminadas sin raz\u00f3n ninguna por otros j\u00f3venes que merecen estar encerrados, no importa suedad? Por favor, los que deben hacerlo, hagan lo que deben: condenen al delincuente menor y no los devuelvan a sus padres, y juzguen y condenen a sus padres tambi\u00e9n. Basta de hipocres\u00eda. Hagamos lo que hay que hacer de una vez.<\/p>\n<p><b>Patricia Connolly<\/b><\/p>\n<p>DNI 5.333.461<\/p>\n<p><b>Religi\u00f3n y m\u00fasica<\/b><\/p>\n<p>El 18 de abril se llev\u00f3 a cabo un acto multitudinario en la Plaza de Mayo que cont\u00f3 con la presencia y el aval de autoridades eclesi\u00e1sticas y pol\u00edticas de la ciudad de Buenos Aires. M\u00e1s de 100.000 personas se congregaron para escuchar al famoso sacerdote DJ Guilherme Peixoto, a cargo de un festival de m\u00fasica electr\u00f3nica mezclado con mensajes religiosos, en homenaje al papa Francisco. El formato de dicho espect\u00e1culo, como tanto otros que viene organizando, en palabras del Padre Guilherme, responde al objetivo de acercar el mensaje evang\u00e9lico a j\u00f3venes alejados de la Iglesia, mediante un lenguaje que les resulte familiar. Lo cierto es que no siempre el fin que se persigue justifica los medios que se emplean. En efecto, el formato elegido para lograr la evangelizaci\u00f3n de los j\u00f3venes se compadece m\u00e1s con din\u00e1micas propias de una fiesta nocturna que con el \u00e1mbito propicio para hacer efectiva la misma y acercar los j\u00f3venes a la fe. Por lo dem\u00e1s, integrar dicho mensaje con la m\u00fasica electr\u00f3nica contradice y rompe con la tradici\u00f3n de la Iglesia, la misi\u00f3n del sacerdote y el anuncio mismo de la fe terminan, de esta forma, por diluirse, quedando vac\u00edos de contenido. Lo sagrado queda subordinado a un mero espect\u00e1culo pagano y el mensaje evang\u00e9lico reducido a una sensaci\u00f3n festiva y a emociones del momento.<\/p>\n<p>Como alguien profetiz\u00f3 hace m\u00e1s de 50 a\u00f1os, dentro de la Iglesia Cat\u00f3lica Romana se viene gestando una nueva religi\u00f3n, sustancialmente diversa de la que dej\u00f3 Cristo, que adquiere caracteres propios de una gnosis pagana y cabal\u00edstica perfectamente configurada.<\/p>\n<p><b>Daniel Passaniti<\/b><\/p>\n<p><a href=\"mailto:danielpassaniti@yahoo.com.ar\" rel=\"\">danielpassaniti@yahoo.com.ar<\/a><\/p>\n<p><b>Contraste<\/b><\/p>\n<p>Recuerdo cuando cumpliendo un destino diplom\u00e1tico en Dinamarca, m\u00e1s de una vez la vi a la entonces reina Margarita haciendo compras en Copenhague, a pie y sin escolta. El caso contrasta con el de la escolta del presidente Milei volviendo a Olivos. Seis o siete autos a evidente exceso de velocidad por la autopista Ill\u00eda, con las sirenas a todo volumen, liderados por un enjambre de motos policiales haciendo zigzag de lado a lado de la autopista, y golpeando a los autos para que se aparten.<\/p>\n<p><b>Juan Pe\u00f1a<\/b><\/p>\n<p><a href=\"mailto:penapirovano5@gmail.com\" rel=\"\">penapirovano5@gmail.com<\/a><\/p>\n<p><b>Grupos \u201ccaranchos\u201d<\/b><\/p>\n<p>Vecinos de Villa Urquiza y Pueyrredon alertan sobre el auge de los denominados grupos \u201ccaranchos\u201d:son motociclistas que provocan choques con el fin de iniciar acciones judiciales, secundados por otro vehiculo que seran los posibles testigos. El operativo lo concretan cuando no hay policias en el lugar. Esta modalidad sucede desde hace varios meses y es menester que haya mas vigilancia policial sobre todo en las avenidas como Trtiunvirato, Roosevelt, Monroe,entre otras.<\/p>\n<p><b>Fernando Paoli<\/b><\/p>\n<p>DNI 24.02.407<\/p>\n<p><b>Ambulancias<\/b><\/p>\n<p>Quisiera proponer la implementaci\u00f3n de un carril exclusivo para ambulancias en la calle Jer\u00f3nimo Salguero, (CABA) en el tramo comprendido entre la Av. Cervi\u00f1o y Avenida Figueroa Alcorta. Esta iniciativa surge a partir de una situaci\u00f3n frecuente: la congesti\u00f3n constante en dicha arteria, que dificulta la circulaci\u00f3n de ambulancias que parten del Hospital Fern\u00e1ndez. Esta demora puede afectar tiempos de respuesta en situaciones cr\u00edticas. Contar con un carril exclusivo permitir\u00eda una salida m\u00e1s \u00e1gil hacia avenidas clave como Libertador y Figueroa Alcorta, mejorando significativamente la atenci\u00f3n de emergencias y potencialmente salvando vidas. Considero que es una medida concreta, viable y de alto impacto para la comunidad.<\/p>\n<p><b>Mar\u00eda del Carmen Ruiz<\/b><\/p>\n<p>DNI 16.891.897<\/p>\n<p><b>Pasamanos<\/b><\/p>\n<p>Hace d\u00e9cadas que las m\u00e1ximas autoridades de CABA hacen o\u00eddos sordos a los reclamos de colocaci\u00f3n de pasamanos en las escalinatas externas e internas de edificios p\u00fablico (Teatro Col\u00f3n, Museo Nacional de Bellas Artes, etc.). El argumento esgrimido es \u201cno alterar los monumentos hist\u00f3ricos\u201d. Pareciera que solo los porte\u00f1os tenemos que arriesgar nuestra integridad f\u00edsica en aras de resguardar el dise\u00f1o original de la arquitectura decimon\u00f3nica. No es as\u00ed en Paris, Londres, Nueva York, donde los concurridos museos, salas de concierto, etc. cuentan con pasamanos agregados. M\u00e1s a\u00fan, el C\u00f3digo de Edificaci\u00f3n de Espa\u00f1a exige la instalaci\u00f3n de pasamanos y barandillas en desniveles mayores que cincuenta cent\u00edmetros. Es de esperar que nuestras autoridades locales reaccionen, y pongan atenci\u00f3n a los riesgos de ca\u00eddas.<\/p>\n<p><b>Dora Orlansky<\/b><\/p>\n<p>DNI 3.867.184<\/p>\n<p><b>En la Red Facebook<\/b><\/p>\n<p><i><b>En el Road Show de Colapinto, consultamos a la gemte: \u00bfqu\u00e9 lugar de la Argentina merece un GP de F1? <\/b><\/i><\/p>\n<p>\u201cEn Capital Federal est\u00e1 el Aut\u00f3dromo Municipal , donde siempre se corri\u00f3 el Gran Premio de Argentina\u201d &#8211; <a href=\"https:\/\/www.facebook.com\/manuel.cabrera.399856?comment_id=Y29tbWVudDoxNTQwNDQxNjYxMDc4NzkyXzk1OTcyODUxOTk4NTQxNQ%3D%3D&amp;__cft__%5B0%5D=AZY9nvUcv6OO8ktk5TO1ne8j6oeUhFj9C_ZsrwTxFoigw_vQ79hZld-HS6KqtwmVhVzAf59vuuwR_5vWg1Yi-ZBITB68Xo9N2kcXNNgNWKu4yfYm31si32sYFFBjJiGwd-GoGGx2_upDN5B8Qjbfs1Cn_FWCvxuJzu4KOINQBTDKQHjoMGhiLoUry-cTZbscGrw&amp;__tn__=R%5D-R\" rel=\"\" title=\"https:\/\/www.facebook.com\/manuel.cabrera.399856?comment_id=Y29tbWVudDoxNTQwNDQxNjYxMDc4NzkyXzk1OTcyODUxOTk4NTQxNQ%3D%3D&amp;__cft__[0]=AZY9nvUcv6OO8ktk5TO1ne8j6oeUhFj9C_ZsrwTxFoigw_vQ79hZld-HS6KqtwmVhVzAf59vuuwR_5vWg1Yi-ZBITB68Xo9N2kcXNNgNWKu4yfYm31si32sYFFBjJiGwd-GoGGx2_upDN5B8Qjbfs1Cn_FWCvxuJzu4KOINQBTDKQHjoMGhiLoUry-cTZbscGrw&amp;__tn__=R]-R\"><b>Manuel Cabrera<\/b><\/a> <\/p>\n<p>\u201cEl aut\u00f3dromo Eduardo Jos\u00e9 Copello, San Juan. Al pie de la cordillera\u201d &#8211; <a href=\"https:\/\/www.facebook.com\/ismaeladrian.saife.1?comment_id=Y29tbWVudDoxNTQwNDQxNjYxMDc4NzkyXzMzOTQyNDM1NTQwODY4MjI%3D&amp;__cft__%5B0%5D=AZY9nvUcv6OO8ktk5TO1ne8j6oeUhFj9C_ZsrwTxFoigw_vQ79hZld-HS6KqtwmVhVzAf59vuuwR_5vWg1Yi-ZBITB68Xo9N2kcXNNgNWKu4yfYm31si32sYFFBjJiGwd-GoGGx2_upDN5B8Qjbfs1Cn_FWCvxuJzu4KOINQBTDKQHjoMGhiLoUry-cTZbscGrw&amp;__tn__=R%5D-R\" rel=\"\" title=\"https:\/\/www.facebook.com\/ismaeladrian.saife.1?comment_id=Y29tbWVudDoxNTQwNDQxNjYxMDc4NzkyXzMzOTQyNDM1NTQwODY4MjI%3D&amp;__cft__[0]=AZY9nvUcv6OO8ktk5TO1ne8j6oeUhFj9C_ZsrwTxFoigw_vQ79hZld-HS6KqtwmVhVzAf59vuuwR_5vWg1Yi-ZBITB68Xo9N2kcXNNgNWKu4yfYm31si32sYFFBjJiGwd-GoGGx2_upDN5B8Qjbfs1Cn_FWCvxuJzu4KOINQBTDKQHjoMGhiLoUry-cTZbscGrw&amp;__tn__=R]-R\"><b>Ismael Adrian Saife<\/b><\/a> <\/p>\n<p>\u201cRosario, por la costanera, o en el aut\u00f3dromo de Santiago del Estero\u201d &#8211; <a href=\"https:\/\/www.facebook.com\/carlos.bonaerense?comment_id=Y29tbWVudDoxNTQwNDQxNjYxMDc4NzkyXzk3Mjk5MDAwNTI4NjU2NA%3D%3D&amp;__cft__%5B0%5D=AZY9nvUcv6OO8ktk5TO1ne8j6oeUhFj9C_ZsrwTxFoigw_vQ79hZld-HS6KqtwmVhVzAf59vuuwR_5vWg1Yi-ZBITB68Xo9N2kcXNNgNWKu4yfYm31si32sYFFBjJiGwd-GoGGx2_upDN5B8Qjbfs1Cn_FWCvxuJzu4KOINQBTDKQHjoMGhiLoUry-cTZbscGrw&amp;__tn__=R%5D-R\" rel=\"\" title=\"https:\/\/www.facebook.com\/carlos.bonaerense?comment_id=Y29tbWVudDoxNTQwNDQxNjYxMDc4NzkyXzk3Mjk5MDAwNTI4NjU2NA%3D%3D&amp;__cft__[0]=AZY9nvUcv6OO8ktk5TO1ne8j6oeUhFj9C_ZsrwTxFoigw_vQ79hZld-HS6KqtwmVhVzAf59vuuwR_5vWg1Yi-ZBITB68Xo9N2kcXNNgNWKu4yfYm31si32sYFFBjJiGwd-GoGGx2_upDN5B8Qjbfs1Cn_FWCvxuJzu4KOINQBTDKQHjoMGhiLoUry-cTZbscGrw&amp;__tn__=R]-R\"><b>Carlos Sevilla<\/b><\/a> <\/p>\n<p>\u200b<\/p>\n<p><b>Reflexi\u00f3n<\/b><\/p>\n<p>La semana pasada, con motivo de del acto de graduaci\u00f3n de mi hija, cantamos muy emotivamente el Himno Nacional.Me emocion\u00f3 cantar fuerte y pasionalmente. Me gustar\u00eda que tengamos muy presente lo que ser\u00e1 la historia. \u201cSean eternos los laureles que supimos conseguir, coronados de gloria vivamos, o juremos de gloria morir\u2026\u201d<\/p>\n<p>Mucho en riesgo, \u00bfno? \u00bfMe explico?<\/p>\n<p><b>Mat\u00edas Bourdieu<\/b><\/p>\n<p><a href=\"mailto:mat%C3%ADas.bourdieu@gmail.com\" rel=\"\">mat\u00edas.bourdieu@gmail.com<\/a><\/p>\n<p><b>Matar por matar<\/b><\/p>\n<p>\u00bfVamos a seguir afirmando que a los 14 a\u00f1os un adolescente no debe ser juzgado como un delincuente mayor?Los que eso afirman y critican los 14a\u00f1os de edadcomo muy baja deber\u00edan caminarsolos, sin comitiva ni custodia, por los barrios donde el homicidio es cometidoporque s\u00edpor adolescentes de menos de 14 a\u00f1os.El delito es uno, no importa a qu\u00e9 edad se cometa.\u00bfComo recuperar vidas j\u00f3venes y valiosas para la sociedad terminadas sin raz\u00f3n ninguna por otros j\u00f3venes que merecen estar encerrados, no importa suedad? Por favor, los que deben hacerlo, hagan lo que deben: condenen al delincuente menor y no los devuelvan a sus padres, y juzguen y condenen a sus padres tambi\u00e9n. Basta de hipocres\u00eda. Hagamos lo que hay que hacer de una vez.<\/p>\n<p><b>Patricia Connolly<\/b><\/p>\n<p>DNI 5.333.461<\/p>\n<p><b>Religi\u00f3n y m\u00fasica<\/b><\/p>\n<p>El 18 de abril se llev\u00f3 a cabo un acto multitudinario en la Plaza de Mayo que cont\u00f3 con la presencia y el aval de autoridades eclesi\u00e1sticas y pol\u00edticas de la ciudad de Buenos Aires. M\u00e1s de 100.000 personas se congregaron para escuchar al famoso sacerdote DJ Guilherme Peixoto, a cargo de un festival de m\u00fasica electr\u00f3nica mezclado con mensajes religiosos, en homenaje al papa Francisco. El formato de dicho espect\u00e1culo, como tanto otros que viene organizando, en palabras del Padre Guilherme, responde al objetivo de acercar el mensaje evang\u00e9lico a j\u00f3venes alejados de la Iglesia, mediante un lenguaje que les resulte familiar. Lo cierto es que no siempre el fin que se persigue justifica los medios que se emplean. En efecto, el formato elegido para lograr la evangelizaci\u00f3n de los j\u00f3venes se compadece m\u00e1s con din\u00e1micas propias de una fiesta nocturna que con el \u00e1mbito propicio para hacer efectiva la misma y acercar los j\u00f3venes a la fe. Por lo dem\u00e1s, integrar dicho mensaje con la m\u00fasica electr\u00f3nica contradice y rompe con la tradici\u00f3n de la Iglesia, la misi\u00f3n del sacerdote y el anuncio mismo de la fe terminan, de esta forma, por diluirse, quedando vac\u00edos de contenido. Lo sagrado queda subordinado a un mero espect\u00e1culo pagano y el mensaje evang\u00e9lico reducido a una sensaci\u00f3n festiva y a emociones del momento.<\/p>\n<p>Como alguien profetiz\u00f3 hace m\u00e1s de 50 a\u00f1os, dentro de la Iglesia Cat\u00f3lica Romana se viene gestando una nueva religi\u00f3n, sustancialmente diversa de la que dej\u00f3 Cristo, que adquiere caracteres propios de una gnosis pagana y cabal\u00edstica perfectamente configurada.<\/p>\n<p><b>Daniel Passaniti<\/b><\/p>\n<p><a href=\"mailto:danielpassaniti@yahoo.com.ar\" rel=\"\">danielpassaniti@yahoo.com.ar<\/a><\/p>\n<p><b>Contraste<\/b><\/p>\n<p>Recuerdo cuando cumpliendo un destino diplom\u00e1tico en Dinamarca, m\u00e1s de una vez la vi a la entonces reina Margarita haciendo compras en Copenhague, a pie y sin escolta. El caso contrasta con el de la escolta del presidente Milei volviendo a Olivos. Seis o siete autos a evidente exceso de velocidad por la autopista Ill\u00eda, con las sirenas a todo volumen, liderados por un enjambre de motos policiales haciendo zigzag de lado a lado de la autopista, y golpeando a los autos para que se aparten.<\/p>\n<p><b>Juan Pe\u00f1a<\/b><\/p>\n<p><a href=\"mailto:penapirovano5@gmail.com\" rel=\"\">penapirovano5@gmail.com<\/a><\/p>\n<p><b>Grupos \u201ccaranchos\u201d<\/b><\/p>\n<p>Vecinos de Villa Urquiza y Pueyrredon alertan sobre el auge de los denominados grupos \u201ccaranchos\u201d:son motociclistas que provocan choques con el fin de iniciar acciones judiciales, secundados por otro vehiculo que seran los posibles testigos. El operativo lo concretan cuando no hay policias en el lugar. Esta modalidad sucede desde hace varios meses y es menester que haya mas vigilancia policial sobre todo en las avenidas como Trtiunvirato, Roosevelt, Monroe,entre otras.<\/p>\n<p><b>Fernando Paoli<\/b><\/p>\n<p>DNI 24.02.407<\/p>\n<p><b>Ambulancias<\/b><\/p>\n<p>Quisiera proponer la implementaci\u00f3n de un carril exclusivo para ambulancias en la calle Jer\u00f3nimo Salguero, (CABA) en el tramo comprendido entre la Av. Cervi\u00f1o y Avenida Figueroa Alcorta. Esta iniciativa surge a partir de una situaci\u00f3n frecuente: la congesti\u00f3n constante en dicha arteria, que dificulta la circulaci\u00f3n de ambulancias que parten del Hospital Fern\u00e1ndez. Esta demora puede afectar tiempos de respuesta en situaciones cr\u00edticas. Contar con un carril exclusivo permitir\u00eda una salida m\u00e1s \u00e1gil hacia avenidas clave como Libertador y Figueroa Alcorta, mejorando significativamente la atenci\u00f3n de emergencias y potencialmente salvando vidas. Considero que es una medida concreta, viable y de alto impacto para la comunidad.<\/p>\n<p><b>Mar\u00eda del Carmen Ruiz<\/b><\/p>\n<p>DNI 16.891.897<\/p>\n<p><b>Pasamanos<\/b><\/p>\n<p>Hace d\u00e9cadas que las m\u00e1ximas autoridades de CABA hacen o\u00eddos sordos a los reclamos de colocaci\u00f3n de pasamanos en las escalinatas externas e internas de edificios p\u00fablico (Teatro Col\u00f3n, Museo Nacional de Bellas Artes, etc.). El argumento esgrimido es \u201cno alterar los monumentos hist\u00f3ricos\u201d. Pareciera que solo los porte\u00f1os tenemos que arriesgar nuestra integridad f\u00edsica en aras de resguardar el dise\u00f1o original de la arquitectura decimon\u00f3nica. No es as\u00ed en Paris, Londres, Nueva York, donde los concurridos museos, salas de concierto, etc. cuentan con pasamanos agregados. M\u00e1s a\u00fan, el C\u00f3digo de Edificaci\u00f3n de Espa\u00f1a exige la instalaci\u00f3n de pasamanos y barandillas en desniveles mayores que cincuenta cent\u00edmetros. Es de esperar que nuestras autoridades locales reaccionen, y pongan atenci\u00f3n a los riesgos de ca\u00eddas.<\/p>\n<p><b>Dora Orlansky<\/b><\/p>\n<p>DNI 3.867.184<\/p>\n<p><b>En la Red Facebook<\/b><\/p>\n<p><i><b>En el Road Show de Colapinto, consultamos a la gemte: \u00bfqu\u00e9 lugar de la Argentina merece un GP de F1? <\/b><\/i><\/p>\n<p>\u201cEn Capital Federal est\u00e1 el Aut\u00f3dromo Municipal , donde siempre se corri\u00f3 el Gran Premio de Argentina\u201d &#8211; <a href=\"https:\/\/www.facebook.com\/manuel.cabrera.399856?comment_id=Y29tbWVudDoxNTQwNDQxNjYxMDc4NzkyXzk1OTcyODUxOTk4NTQxNQ%3D%3D&amp;__cft__%5B0%5D=AZY9nvUcv6OO8ktk5TO1ne8j6oeUhFj9C_ZsrwTxFoigw_vQ79hZld-HS6KqtwmVhVzAf59vuuwR_5vWg1Yi-ZBITB68Xo9N2kcXNNgNWKu4yfYm31si32sYFFBjJiGwd-GoGGx2_upDN5B8Qjbfs1Cn_FWCvxuJzu4KOINQBTDKQHjoMGhiLoUry-cTZbscGrw&amp;__tn__=R%5D-R\" rel=\"\" title=\"https:\/\/www.facebook.com\/manuel.cabrera.399856?comment_id=Y29tbWVudDoxNTQwNDQxNjYxMDc4NzkyXzk1OTcyODUxOTk4NTQxNQ%3D%3D&amp;__cft__[0]=AZY9nvUcv6OO8ktk5TO1ne8j6oeUhFj9C_ZsrwTxFoigw_vQ79hZld-HS6KqtwmVhVzAf59vuuwR_5vWg1Yi-ZBITB68Xo9N2kcXNNgNWKu4yfYm31si32sYFFBjJiGwd-GoGGx2_upDN5B8Qjbfs1Cn_FWCvxuJzu4KOINQBTDKQHjoMGhiLoUry-cTZbscGrw&amp;__tn__=R]-R\"><b>Manuel Cabrera<\/b><\/a> <\/p>\n<p>\u201cEl aut\u00f3dromo Eduardo Jos\u00e9 Copello, San Juan. Al pie de la cordillera\u201d &#8211; <a href=\"https:\/\/www.facebook.com\/ismaeladrian.saife.1?comment_id=Y29tbWVudDoxNTQwNDQxNjYxMDc4NzkyXzMzOTQyNDM1NTQwODY4MjI%3D&amp;__cft__%5B0%5D=AZY9nvUcv6OO8ktk5TO1ne8j6oeUhFj9C_ZsrwTxFoigw_vQ79hZld-HS6KqtwmVhVzAf59vuuwR_5vWg1Yi-ZBITB68Xo9N2kcXNNgNWKu4yfYm31si32sYFFBjJiGwd-GoGGx2_upDN5B8Qjbfs1Cn_FWCvxuJzu4KOINQBTDKQHjoMGhiLoUry-cTZbscGrw&amp;__tn__=R%5D-R\" rel=\"\" title=\"https:\/\/www.facebook.com\/ismaeladrian.saife.1?comment_id=Y29tbWVudDoxNTQwNDQxNjYxMDc4NzkyXzMzOTQyNDM1NTQwODY4MjI%3D&amp;__cft__[0]=AZY9nvUcv6OO8ktk5TO1ne8j6oeUhFj9C_ZsrwTxFoigw_vQ79hZld-HS6KqtwmVhVzAf59vuuwR_5vWg1Yi-ZBITB68Xo9N2kcXNNgNWKu4yfYm31si32sYFFBjJiGwd-GoGGx2_upDN5B8Qjbfs1Cn_FWCvxuJzu4KOINQBTDKQHjoMGhiLoUry-cTZbscGrw&amp;__tn__=R]-R\"><b>Ismael Adrian Saife<\/b><\/a> <\/p>\n<p>\u201cRosario, por la costanera, o en el aut\u00f3dromo de Santiago del Estero\u201d &#8211; <a href=\"https:\/\/www.facebook.com\/carlos.bonaerense?comment_id=Y29tbWVudDoxNTQwNDQxNjYxMDc4NzkyXzk3Mjk5MDAwNTI4NjU2NA%3D%3D&amp;__cft__%5B0%5D=AZY9nvUcv6OO8ktk5TO1ne8j6oeUhFj9C_ZsrwTxFoigw_vQ79hZld-HS6KqtwmVhVzAf59vuuwR_5vWg1Yi-ZBITB68Xo9N2kcXNNgNWKu4yfYm31si32sYFFBjJiGwd-GoGGx2_upDN5B8Qjbfs1Cn_FWCvxuJzu4KOINQBTDKQHjoMGhiLoUry-cTZbscGrw&amp;__tn__=R%5D-R\" rel=\"\" title=\"https:\/\/www.facebook.com\/carlos.bonaerense?comment_id=Y29tbWVudDoxNTQwNDQxNjYxMDc4NzkyXzk3Mjk5MDAwNTI4NjU2NA%3D%3D&amp;__cft__[0]=AZY9nvUcv6OO8ktk5TO1ne8j6oeUhFj9C_ZsrwTxFoigw_vQ79hZld-HS6KqtwmVhVzAf59vuuwR_5vWg1Yi-ZBITB68Xo9N2kcXNNgNWKu4yfYm31si32sYFFBjJiGwd-GoGGx2_upDN5B8Qjbfs1Cn_FWCvxuJzu4KOINQBTDKQHjoMGhiLoUry-cTZbscGrw&amp;__tn__=R]-R\"><b>Carlos Sevilla<\/b><\/a> <\/p>\n<p>\u00a0Reflexi\u00f3nLa semana pasada, con motivo de del acto de graduaci\u00f3n de mi hija, cantamos muy emotivamente el Himno Nacional.Me emocion\u00f3 cantar fuerte y pasionalmente. Me gustar\u00eda que tengamos muy presente lo que ser\u00e1 la historia. \u201cSean eternos los laureles que supimos conseguir, coronados de gloria vivamos, o juremos de gloria morir\u2026\u201dMucho en riesgo, \u00bfno? \u00bfMe explico?Mat\u00edas Bourdieumat\u00edas.bourdieu@gmail.comMatar por matar\u00bfVamos a seguir afirmando que a los 14 a\u00f1os un adolescente no debe ser juzgado como un delincuente mayor?Los que eso afirman y critican los 14a\u00f1os de edadcomo muy baja deber\u00edan caminarsolos, sin comitiva ni custodia, por los barrios donde el homicidio es cometidoporque s\u00edpor adolescentes de menos de 14 a\u00f1os.El delito es uno, no importa a qu\u00e9 edad se cometa.\u00bfComo recuperar vidas j\u00f3venes y valiosas para la sociedad terminadas sin raz\u00f3n ninguna por otros j\u00f3venes que merecen estar encerrados, no importa suedad? Por favor, los que deben hacerlo, hagan lo que deben: condenen al delincuente menor y no los devuelvan a sus padres, y juzguen y condenen a sus padres tambi\u00e9n. Basta de hipocres\u00eda. Hagamos lo que hay que hacer de una vez.Patricia ConnollyDNI 5.333.461Religi\u00f3n y m\u00fasicaEl 18 de abril se llev\u00f3 a cabo un acto multitudinario en la Plaza de Mayo que cont\u00f3 con la presencia y el aval de autoridades eclesi\u00e1sticas y pol\u00edticas de la ciudad de Buenos Aires. M\u00e1s de 100.000 personas se congregaron para escuchar al famoso sacerdote DJ Guilherme Peixoto, a cargo de un festival de m\u00fasica electr\u00f3nica mezclado con mensajes religiosos, en homenaje al papa Francisco. El formato de dicho espect\u00e1culo, como tanto otros que viene organizando, en palabras del Padre Guilherme, responde al objetivo de acercar el mensaje evang\u00e9lico a j\u00f3venes alejados de la Iglesia, mediante un lenguaje que les resulte familiar. Lo cierto es que no siempre el fin que se persigue justifica los medios que se emplean. En efecto, el formato elegido para lograr la evangelizaci\u00f3n de los j\u00f3venes se compadece m\u00e1s con din\u00e1micas propias de una fiesta nocturna que con el \u00e1mbito propicio para hacer efectiva la misma y acercar los j\u00f3venes a la fe. Por lo dem\u00e1s, integrar dicho mensaje con la m\u00fasica electr\u00f3nica contradice y rompe con la tradici\u00f3n de la Iglesia, la misi\u00f3n del sacerdote y el anuncio mismo de la fe terminan, de esta forma, por diluirse, quedando vac\u00edos de contenido. Lo sagrado queda subordinado a un mero espect\u00e1culo pagano y el mensaje evang\u00e9lico reducido a una sensaci\u00f3n festiva y a emociones del momento.Como alguien profetiz\u00f3 hace m\u00e1s de 50 a\u00f1os, dentro de la Iglesia Cat\u00f3lica Romana se viene gestando una nueva religi\u00f3n, sustancialmente diversa de la que dej\u00f3 Cristo, que adquiere caracteres propios de una gnosis pagana y cabal\u00edstica perfectamente configurada.Daniel Passanitidanielpassaniti@yahoo.com.arContrasteRecuerdo cuando cumpliendo un destino diplom\u00e1tico en Dinamarca, m\u00e1s de una vez la vi a la entonces reina Margarita haciendo compras en Copenhague, a pie y sin escolta. El caso contrasta con el de la escolta del presidente Milei volviendo a Olivos. Seis o siete autos a evidente exceso de velocidad por la autopista Ill\u00eda, con las sirenas a todo volumen, liderados por un enjambre de motos policiales haciendo zigzag de lado a lado de la autopista, y golpeando a los autos para que se aparten.Juan Pe\u00f1apenapirovano5@gmail.comGrupos \u201ccaranchos\u201dVecinos de Villa Urquiza y Pueyrredon alertan sobre el auge de los denominados grupos \u201ccaranchos\u201d:son motociclistas que provocan choques con el fin de iniciar acciones judiciales, secundados por otro vehiculo que seran los posibles testigos. El operativo lo concretan cuando no hay policias en el lugar. Esta modalidad sucede desde hace varios meses y es menester que haya mas vigilancia policial sobre todo en las avenidas como Trtiunvirato, Roosevelt, Monroe,entre otras.Fernando PaoliDNI 24.02.407AmbulanciasQuisiera proponer la implementaci\u00f3n de un carril exclusivo para ambulancias en la calle Jer\u00f3nimo Salguero, (CABA) en el tramo comprendido entre la Av. Cervi\u00f1o y Avenida Figueroa Alcorta. Esta iniciativa surge a partir de una situaci\u00f3n frecuente: la congesti\u00f3n constante en dicha arteria, que dificulta la circulaci\u00f3n de ambulancias que parten del Hospital Fern\u00e1ndez. Esta demora puede afectar tiempos de respuesta en situaciones cr\u00edticas. Contar con un carril exclusivo permitir\u00eda una salida m\u00e1s \u00e1gil hacia avenidas clave como Libertador y Figueroa Alcorta, mejorando significativamente la atenci\u00f3n de emergencias y potencialmente salvando vidas. Considero que es una medida concreta, viable y de alto impacto para la comunidad.Mar\u00eda del Carmen RuizDNI 16.891.897PasamanosHace d\u00e9cadas que las m\u00e1ximas autoridades de CABA hacen o\u00eddos sordos a los reclamos de colocaci\u00f3n de pasamanos en las escalinatas externas e internas de edificios p\u00fablico (Teatro Col\u00f3n, Museo Nacional de Bellas Artes, etc.). El argumento esgrimido es \u201cno alterar los monumentos hist\u00f3ricos\u201d. Pareciera que solo los porte\u00f1os tenemos que arriesgar nuestra integridad f\u00edsica en aras de resguardar el dise\u00f1o original de la arquitectura decimon\u00f3nica. No es as\u00ed en Paris, Londres, Nueva York, donde los concurridos museos, salas de concierto, etc. cuentan con pasamanos agregados. M\u00e1s a\u00fan, el C\u00f3digo de Edificaci\u00f3n de Espa\u00f1a exige la instalaci\u00f3n de pasamanos y barandillas en desniveles mayores que cincuenta cent\u00edmetros. Es de esperar que nuestras autoridades locales reaccionen, y pongan atenci\u00f3n a los riesgos de ca\u00eddas.Dora OrlanskyDNI 3.867.184En la Red FacebookEn el Road Show de Colapinto, consultamos a la gemte: \u00bfqu\u00e9 lugar de la Argentina merece un GP de F1? \u201cEn Capital Federal est\u00e1 el Aut\u00f3dromo Municipal , donde siempre se corri\u00f3 el Gran Premio de Argentina\u201d &#8211; Manuel Cabrera \u201cEl aut\u00f3dromo Eduardo Jos\u00e9 Copello, San Juan. Al pie de la cordillera\u201d &#8211; Ismael Adrian Saife \u201cRosario, por la costanera, o en el aut\u00f3dromo de Santiago del Estero\u201d &#8211; Carlos Sevilla\u00a0\u00a0LA NACION<\/p>","protected":false},"excerpt":{"rendered":"<p>Reflexi\u00f3n La semana pasada, con motivo de del acto de graduaci\u00f3n de mi hija, cantamos muy emotivamente el Himno Nacional.Me emocion\u00f3 cantar fuerte y pasionalmente. Me gustar\u00eda que tengamos muy presente lo que ser\u00e1 la historia. \u201cSean eternos los laureles que supimos conseguir, coronados de gloria vivamos, o juremos de gloria morir\u2026\u201d Mucho en riesgo, &hellip;<\/p>\n","protected":false},"author":1,"featured_media":243411,"comment_status":"","ping_status":"open","sticky":false,"template":"","format":"standard","meta":{"footnotes":""},"categories":[38,10],"tags":[],"class_list":["post-243410","post","type-post","status-publish","format-standard","has-post-thumbnail","hentry","category-nacionales","category-ultimasnoticias"],"_links":{"self":[{"href":"http:\/\/enlace24.com\/web\/wp-json\/wp\/v2\/posts\/243410","targetHints":{"allow":["GET"]}}],"collection":[{"href":"http:\/\/enlace24.com\/web\/wp-json\/wp\/v2\/posts"}],"about":[{"href":"http:\/\/enlace24.com\/web\/wp-json\/wp\/v2\/types\/post"}],"author":[{"embeddable":true,"href":"http:\/\/enlace24.com\/web\/wp-json\/wp\/v2\/users\/1"}],"replies":[{"embeddable":true,"href":"http:\/\/enlace24.com\/web\/wp-json\/wp\/v2\/comments?post=243410"}],"version-history":[{"count":0,"href":"http:\/\/enlace24.com\/web\/wp-json\/wp\/v2\/posts\/243410\/revisions"}],"wp:featuredmedia":[{"embeddable":true,"href":"http:\/\/enlace24.com\/web\/wp-json\/wp\/v2\/media\/243411"}],"wp:attachment":[{"href":"http:\/\/enlace24.com\/web\/wp-json\/wp\/v2\/media?parent=243410"}],"wp:term":[{"taxonomy":"category","embeddable":true,"href":"http:\/\/enlace24.com\/web\/wp-json\/wp\/v2\/categories?post=243410"},{"taxonomy":"post_tag","embeddable":true,"href":"http:\/\/enlace24.com\/web\/wp-json\/wp\/v2\/tags?post=243410"}],"curies":[{"name":"wp","href":"https:\/\/api.w.org\/{rel}","templated":true}]}}