{"id":243392,"date":"2026-04-28T03:25:08","date_gmt":"2026-04-28T03:25:08","guid":{"rendered":"http:\/\/enlace24.com\/web\/2026\/04\/28\/agenda-austral-informacion-las-24-hsyanina-latorre-conto-la-frase-escatologica-de-pampita-en-los-martin-fierro-de-la-moda-comi-tanto-que\/"},"modified":"2026-04-28T03:25:08","modified_gmt":"2026-04-28T03:25:08","slug":"agenda-austral-informacion-las-24-hsyanina-latorre-conto-la-frase-escatologica-de-pampita-en-los-martin-fierro-de-la-moda-comi-tanto-que","status":"publish","type":"post","link":"http:\/\/enlace24.com\/web\/2026\/04\/28\/agenda-austral-informacion-las-24-hsyanina-latorre-conto-la-frase-escatologica-de-pampita-en-los-martin-fierro-de-la-moda-comi-tanto-que\/","title":{"rendered":"AGENDA AUSTRAL ::::: Informaci\u00f3n las 24 Hs\u200bYanina Latorre cont\u00f3 la frase escatol\u00f3gica de Pampita en los Mart\u00edn Fierro de la Moda: \u201cCom\u00ed tanto que\u2026\u201d\u00a0"},"content":{"rendered":"<p>Glamour y pol\u00e9micas. La nueva edici\u00f3n de los Mart\u00edn Fierro de la Moda activ\u00f3 innumerables ramificaciones, que se centraron en cr\u00edticas al formato, a la transmisi\u00f3n, al espacio seleccionado para el evento y como siempre las recriminaciones a los ganadores. Protagonista de la gala, Yanina Latorre registr\u00f3 un sinf\u00edn de pormenores que ocurrieron durante la\u00a0\u00a0<\/p>\n<p>\u200b<img loading=\"lazy\" decoding=\"async\" width=\"150\" height=\"150\" src=\"https:\/\/agendaaustral.com\/web\/wp-content\/uploads\/2026\/04\/Nicole-Neumann-Cubero-Fabian-359x226-lRFJaR-150x150.jpg\" class=\"attachment-thumbnail size-thumbnail wp-post-image\" alt=\"\" \/><\/p>\n<p>Glamour y pol\u00e9micas. La nueva edici\u00f3n de los<strong><em> Mart\u00edn Fierro de la Moda<\/em><\/strong> activ\u00f3 innumerables ramificaciones, que se centraron en cr\u00edticas al formato, a la transmisi\u00f3n, al espacio seleccionado para el evento y como siempre las recriminaciones a los ganadores.<\/p>\n<p>Protagonista de la gala, <strong>Yanina Latorre<\/strong> registr\u00f3 un sinf\u00edn de pormenores que ocurrieron durante la entrega de los premios y as\u00ed sac\u00f3 a la luz una confesi\u00f3n muy privada de <strong>Pampita<\/strong>. Una infidencia que nadie imaginaba y que se relaciona con un comentario de la modelo.<\/p>\n<p>En primera instancia, la ex angelita se quej\u00f3 de la temperatura de la organizaci\u00f3n de Telefe y no dud\u00f3 en expresar su mirada con total sinceridad. \u201cNo lo padec\u00ed, al contrario. Cuando llegu\u00e9, estaba del orto. \u00bfPor qu\u00e9? Domingo a la tarde, con este fr\u00edo, maquillarte, peinarte\u2026 \u00a1Nos cagamos de fr\u00edo! La alfombra roja, casi que me internaron por neumon\u00eda\u201d, exclam\u00f3.<\/p>\n<div class=\"mt-box \">\n<h4 class=\"mt-heading\">Mir\u00e1 Tambi\u00e9n<\/h4>\n<p><a href=\"https:\/\/www.paparazzi.com.ar\/teve\/fabian-cubero-rompio-el-silencio-sobre-la-polemica-fiesta-de-15-de-su-hija-con-una-indirecta-a-nicole-neumann-no-lo-decidi\/\"><\/a><\/p>\n<div class=\"mt-content\">\n<div class=\"mt-image-container\"><\/div>\n<h5 class=\"mt-title\">Fabi\u00e1n Cubero rompi\u00f3 el silencio sobre la pol\u00e9mica fiesta de 15 de su hija con una indirecta a Nicole Neumann: \u201cNo lo decid\u00ed\u201d<\/h5>\n<\/div>\n<\/div>\n<p>\u201cEn el galponcito donde estaba el c\u00f3ctel tambi\u00e9n hac\u00eda fr\u00edo. Despu\u00e9s, el galp\u00f3n a chequear porque no hab\u00eda nada para comer\u201d, protest\u00f3 la animadora de <em>S\u00e1lvese quien pueda <\/em>respecto a cierta dificultad para alimentarse durante el evento. Eso activ\u00f3 en su mente una charla casual con Carolina Ardohain.<\/p>\n<h2 class=\"wp-block-heading\">YANINA LATORRE CONT\u00d3 LA CONFESI\u00d3N DE PAMPITA SOBRE SU PROBLEMA ESTOMACAL<\/h2>\n<p>Resulta que Yanina sac\u00f3 a la luz una confidencia de la modelo, con tintes algo controversiales. \u201cPampita cuando salimos me dijo \u2018Com\u00ed tanto queso que por una semana no cago\u2019\u201d, exterioriz\u00f3 Latorre para causar un fuerte impacto en el estudio y en toda la televisi\u00f3n.<\/p>\n<p>En pos de aclarar el inconveniente de Carolina, la ex angelita enfatiz\u00f3: \u201cAtascada\u201d. Asimismo, la esposa de Diego Latorre volvi\u00f3 a gru\u00f1ir por el hambre que transit\u00f3 durante la entrega de los Mart\u00edn Fierro: \u201cY yo no vi ni un queso\u201d.<\/p>\n<div class=\"mt-box \">\n<h4 class=\"mt-heading\">Mir\u00e1 Tambi\u00e9n<\/h4>\n<p><a href=\"https:\/\/www.paparazzi.com.ar\/teve\/el-desgarrador-llanto-de-tamara-paganini-en-gran-hermano-al-recordar-la-muerte-de-sus-bebes-se-me-murio-en-mis-brazos\/\"><\/a><\/p>\n<div class=\"mt-content\">\n<div class=\"mt-image-container\"><\/div>\n<h5 class=\"mt-title\">El desgarrador llanto de Tamara Paganini en Gran Hermano al recordar la muerte de sus beb\u00e9s: \u201cSe me muri\u00f3 en mis brazos\u201d<\/h5>\n<\/div>\n<\/div>\n<div class=\"mt-box \">\n<h4 class=\"mt-heading\">Mir\u00e1 Tambi\u00e9n<\/h4>\n<p><a href=\"https:\/\/www.paparazzi.com.ar\/teve\/paula-chaves-cruzo-a-zaira-nara-luego-de-su-traicion-familiar-y-paso-de-todo-dentro-de-un-camarin\/\"><\/a><\/p>\n<div class=\"mt-content\">\n<div class=\"mt-image-container\"><\/div>\n<h5 class=\"mt-title\">Paula Chaves cruz\u00f3 a Zaira Nara luego de su traici\u00f3n familiar y pas\u00f3 de todo dentro de un camar\u00edn<\/h5>\n<\/div>\n<\/div>\n<p>The post <a href=\"https:\/\/www.paparazzi.com.ar\/teve\/yanina-latorre-conto-la-frase-escatologica-de-pampita-en-los-martin-fierro-de-la-moda-comi-tanto-que\/\">Yanina Latorre cont\u00f3 la frase escatol\u00f3gica de Pampita en los Mart\u00edn Fierro de la Moda: \u201cCom\u00ed tanto que\u2026\u201d<\/a> appeared first on <a href=\"https:\/\/www.paparazzi.com.ar\/\">Revista Paparazzi<\/a>.<\/p>\n<p>\u200b<\/p>\n<p>Glamour y pol\u00e9micas. La nueva edici\u00f3n de los<strong><em> Mart\u00edn Fierro de la Moda<\/em><\/strong> activ\u00f3 innumerables ramificaciones, que se centraron en cr\u00edticas al formato, a la transmisi\u00f3n, al espacio seleccionado para el evento y como siempre las recriminaciones a los ganadores.<\/p>\n<p>Protagonista de la gala, <strong>Yanina Latorre<\/strong> registr\u00f3 un sinf\u00edn de pormenores que ocurrieron durante la entrega de los premios y as\u00ed sac\u00f3 a la luz una confesi\u00f3n muy privada de <strong>Pampita<\/strong>. Una infidencia que nadie imaginaba y que se relaciona con un comentario de la modelo.<\/p>\n<p>En primera instancia, la ex angelita se quej\u00f3 de la temperatura de la organizaci\u00f3n de Telefe y no dud\u00f3 en expresar su mirada con total sinceridad. \u201cNo lo padec\u00ed, al contrario. Cuando llegu\u00e9, estaba del orto. \u00bfPor qu\u00e9? Domingo a la tarde, con este fr\u00edo, maquillarte, peinarte\u2026 \u00a1Nos cagamos de fr\u00edo! La alfombra roja, casi que me internaron por neumon\u00eda\u201d, exclam\u00f3.<\/p>\n<div class=\"mt-box \">\n<h4 class=\"mt-heading\">Mir\u00e1 Tambi\u00e9n<\/h4>\n<p><a href=\"https:\/\/www.paparazzi.com.ar\/teve\/fabian-cubero-rompio-el-silencio-sobre-la-polemica-fiesta-de-15-de-su-hija-con-una-indirecta-a-nicole-neumann-no-lo-decidi\/\"><\/a><\/p>\n<div class=\"mt-content\">\n<div class=\"mt-image-container\"><\/div>\n<h5 class=\"mt-title\">Fabi\u00e1n Cubero rompi\u00f3 el silencio sobre la pol\u00e9mica fiesta de 15 de su hija con una indirecta a Nicole Neumann: \u201cNo lo decid\u00ed\u201d<\/h5>\n<\/div>\n<\/div>\n<p>\u201cEn el galponcito donde estaba el c\u00f3ctel tambi\u00e9n hac\u00eda fr\u00edo. Despu\u00e9s, el galp\u00f3n a chequear porque no hab\u00eda nada para comer\u201d, protest\u00f3 la animadora de <em>S\u00e1lvese quien pueda <\/em>respecto a cierta dificultad para alimentarse durante el evento. Eso activ\u00f3 en su mente una charla casual con Carolina Ardohain.<\/p>\n<h2 class=\"wp-block-heading\">YANINA LATORRE CONT\u00d3 LA CONFESI\u00d3N DE PAMPITA SOBRE SU PROBLEMA ESTOMACAL<\/h2>\n<p>Resulta que Yanina sac\u00f3 a la luz una confidencia de la modelo, con tintes algo controversiales. \u201cPampita cuando salimos me dijo \u2018Com\u00ed tanto queso que por una semana no cago\u2019\u201d, exterioriz\u00f3 Latorre para causar un fuerte impacto en el estudio y en toda la televisi\u00f3n.<\/p>\n<p>En pos de aclarar el inconveniente de Carolina, la ex angelita enfatiz\u00f3: \u201cAtascada\u201d. Asimismo, la esposa de Diego Latorre volvi\u00f3 a gru\u00f1ir por el hambre que transit\u00f3 durante la entrega de los Mart\u00edn Fierro: \u201cY yo no vi ni un queso\u201d.<\/p>\n<div class=\"mt-box \">\n<h4 class=\"mt-heading\">Mir\u00e1 Tambi\u00e9n<\/h4>\n<p><a href=\"https:\/\/www.paparazzi.com.ar\/teve\/el-desgarrador-llanto-de-tamara-paganini-en-gran-hermano-al-recordar-la-muerte-de-sus-bebes-se-me-murio-en-mis-brazos\/\"><\/a><\/p>\n<div class=\"mt-content\">\n<div class=\"mt-image-container\"><\/div>\n<h5 class=\"mt-title\">El desgarrador llanto de Tamara Paganini en Gran Hermano al recordar la muerte de sus beb\u00e9s: \u201cSe me muri\u00f3 en mis brazos\u201d<\/h5>\n<\/div>\n<\/div>\n<div class=\"mt-box \">\n<h4 class=\"mt-heading\">Mir\u00e1 Tambi\u00e9n<\/h4>\n<p><a href=\"https:\/\/www.paparazzi.com.ar\/teve\/paula-chaves-cruzo-a-zaira-nara-luego-de-su-traicion-familiar-y-paso-de-todo-dentro-de-un-camarin\/\"><\/a><\/p>\n<div class=\"mt-content\">\n<div class=\"mt-image-container\"><\/div>\n<h5 class=\"mt-title\">Paula Chaves cruz\u00f3 a Zaira Nara luego de su traici\u00f3n familiar y pas\u00f3 de todo dentro de un camar\u00edn<\/h5>\n<\/div>\n<\/div>\n<p>The post <a href=\"https:\/\/www.paparazzi.com.ar\/teve\/yanina-latorre-conto-la-frase-escatologica-de-pampita-en-los-martin-fierro-de-la-moda-comi-tanto-que\/\">Yanina Latorre cont\u00f3 la frase escatol\u00f3gica de Pampita en los Mart\u00edn Fierro de la Moda: \u201cCom\u00ed tanto que\u2026\u201d<\/a> appeared first on <a href=\"https:\/\/www.paparazzi.com.ar\/\">Revista Paparazzi<\/a>.<\/p>\n<p>\u00a0Glamour y pol\u00e9micas. La nueva edici\u00f3n de los Mart\u00edn Fierro de la Moda activ\u00f3 innumerables ramificaciones, que se centraron en cr\u00edticas al formato, a la transmisi\u00f3n, al espacio seleccionado para el evento y como siempre las recriminaciones a los ganadores. Protagonista de la gala, Yanina Latorre registr\u00f3 un sinf\u00edn de pormenores que ocurrieron durante la<br \/>\nThe post Yanina Latorre cont\u00f3 la frase escatol\u00f3gica de Pampita en los Mart\u00edn Fierro de la Moda: \u201cCom\u00ed tanto que\u2026\u201d appeared first on Revista Paparazzi.\u00a0\u00a0<\/p>\n<p>\u00a0<\/p>","protected":false},"excerpt":{"rendered":"<p>Glamour y pol\u00e9micas. La nueva edici\u00f3n de los Mart\u00edn Fierro de la Moda activ\u00f3 innumerables ramificaciones, que se centraron en cr\u00edticas al formato, a la transmisi\u00f3n, al espacio seleccionado para el evento y como siempre las recriminaciones a los ganadores. Protagonista de la gala, Yanina Latorre registr\u00f3 un sinf\u00edn de pormenores que ocurrieron durante la\u00a0\u00a0 &hellip;<\/p>\n","protected":false},"author":1,"featured_media":243393,"comment_status":"","ping_status":"open","sticky":false,"template":"","format":"standard","meta":{"footnotes":""},"categories":[1185,10],"tags":[],"class_list":["post-243392","post","type-post","status-publish","format-standard","has-post-thumbnail","hentry","category-patagonia","category-ultimasnoticias"],"_links":{"self":[{"href":"http:\/\/enlace24.com\/web\/wp-json\/wp\/v2\/posts\/243392","targetHints":{"allow":["GET"]}}],"collection":[{"href":"http:\/\/enlace24.com\/web\/wp-json\/wp\/v2\/posts"}],"about":[{"href":"http:\/\/enlace24.com\/web\/wp-json\/wp\/v2\/types\/post"}],"author":[{"embeddable":true,"href":"http:\/\/enlace24.com\/web\/wp-json\/wp\/v2\/users\/1"}],"replies":[{"embeddable":true,"href":"http:\/\/enlace24.com\/web\/wp-json\/wp\/v2\/comments?post=243392"}],"version-history":[{"count":0,"href":"http:\/\/enlace24.com\/web\/wp-json\/wp\/v2\/posts\/243392\/revisions"}],"wp:featuredmedia":[{"embeddable":true,"href":"http:\/\/enlace24.com\/web\/wp-json\/wp\/v2\/media\/243393"}],"wp:attachment":[{"href":"http:\/\/enlace24.com\/web\/wp-json\/wp\/v2\/media?parent=243392"}],"wp:term":[{"taxonomy":"category","embeddable":true,"href":"http:\/\/enlace24.com\/web\/wp-json\/wp\/v2\/categories?post=243392"},{"taxonomy":"post_tag","embeddable":true,"href":"http:\/\/enlace24.com\/web\/wp-json\/wp\/v2\/tags?post=243392"}],"curies":[{"name":"wp","href":"https:\/\/api.w.org\/{rel}","templated":true}]}}