{"id":243380,"date":"2026-04-28T01:28:50","date_gmt":"2026-04-28T01:28:50","guid":{"rendered":"http:\/\/enlace24.com\/web\/2026\/04\/28\/javier-milei-dijo-que-la-inflacion-estaba-cayendo-pero-la-politica-decidio-jugar-tras-la-victoria-de-adorni\/"},"modified":"2026-04-28T01:28:50","modified_gmt":"2026-04-28T01:28:50","slug":"javier-milei-dijo-que-la-inflacion-estaba-cayendo-pero-la-politica-decidio-jugar-tras-la-victoria-de-adorni","status":"publish","type":"post","link":"http:\/\/enlace24.com\/web\/2026\/04\/28\/javier-milei-dijo-que-la-inflacion-estaba-cayendo-pero-la-politica-decidio-jugar-tras-la-victoria-de-adorni\/","title":{"rendered":"Javier Milei dijo que la inflaci\u00f3n estaba cayendo pero la pol\u00edtica \u201cdecidi\u00f3 jugar\u201d tras la victoria de Adorni"},"content":{"rendered":"<p>El presidente<b> <\/b><a href=\"https:\/\/www.lanacion.com.ar\/politica\/milei-y-macri-vuelven-a-compartir-un-ambito-politico-luego-de-seis-meses-en-la-cena-de-la-fundacion-nid27042026\/\" target=\"_self\" rel=\"\" title=\"https:\/\/www.lanacion.com.ar\/politica\/milei-y-macri-vuelven-a-compartir-un-ambito-politico-luego-de-seis-meses-en-la-cena-de-la-fundacion-nid27042026\/\"><b>Javier Milei<\/b><\/a> fue encargado de brindar el discurso de cierre de la cena anual de la Fundaci\u00f3n Libertad, evento que se celebra en Parque Norte. El mandatario hizo uso de la palabra cerca de las 21.45. Previo a su disertaci\u00f3n, recibi\u00f3 el premio Libertad 2026 por parte de Dr. Alberto Benegas Lynch (hijo).<\/p>\n<p>El titular de La Libertad Avanza (LLA) comenz\u00f3 solidariz\u00e1ndose con el presidente de Estados Unidos tras el tiroteo durante la cena anual de corresponsales de la Casa Blanca en Washington: \u201c<b>Quiero expresar mi m\u00e1s en\u00e9rgico repudio al intento de asesinato a Trump. <\/b>Estamos ante un nuevo auge de la violencia pol\u00edtica contra el mundo libre. Debe ser detenido en sus inicios. Hay muchos que no toleran perder la batalla en las urnas. Esas personas no son compatibles con la democracia. Debe ser castigado con todo el peso de la ley\u201d.<\/p>\n<p>\u201cNosotros los liberales cometimos un gran error tras la ca\u00edda del muro de Berl\u00edn, de creer que con la sola ca\u00edda alcanzaba. La realidad demostr\u00f3 que no. De hecho, lo que hizo el marxismo fue reconstruirse y dar la batalla cultural en otros aspectos. Traslad\u00f3 la lucha de clases a otro tipo de debates de la sociedad. <b>Terminaron tomando la escena. Y no tienen ning\u00fan problema en matarnos si les es necesario<\/b>\u201d, repar\u00f3.<\/p>\n<p><img loading=\"lazy\" decoding=\"async\" src=\"https:\/\/resizer.glanacion.com\/resizer\/v2\/OTW4ITQFE5AR3G4UT2IMZ7D2NQ.JPG?auth=b65406618b813b755f0fb5742a1bc0be9d5194fcfa0d63e667acd081c4d9f30a&amp;smart=true&amp;width=2000&amp;height=1125\" alt=\"El presidente Javier Milei durante la cena anual de la Fundaci\u00f3n Libertad\" height=\"1125\" width=\"2000\" \/><\/p>\n<p>Tras aquel comentario, <b>Milei precis\u00f3 que la charla tendr\u00eda por objeto demostrar que \u201clas ideas de la libertad funcionan\u201d.<\/b> \u201cHoy escucho a muchos que se llenan la boca con cosas que no les parecen correctas, pero al momento que ten\u00edan que hacer las cosas&#8230; Nosotros a nivel nacional no solo que hicimos el ajuste m\u00e1s grande en la historia de la Argentina si no que le devolvimos plata a los argentinos\u201d, destac\u00f3.<\/p>\n<p><b>Habl\u00f3 tambi\u00e9n sobre los recortes del sector p\u00fablico, con un dardo contra la exmandataria Cristina Kirchner<\/b>: \u201cRedujimos el tama\u00f1o del sector p\u00fablico nacional, que ronda los 15 puntos del PBI. Si quisi\u00e9ramos compararlo con otras \u00e9pocas, deber\u00edamos corregir por el acto de populismo salvaje de la presidiaria [Cristina Kirchner], cuando empez\u00f3 a dar jubilaciones sin aportes. Eso hizo que fuera m\u00e1s alto del peso del sector p\u00fablico para respetar el derecho adquirido por parte de los jubilados\u201d. Y puntualiz\u00f3: \u201cA veces nos olvidamos del lugar del que venimos\u201d.<\/p>\n<p><img loading=\"lazy\" decoding=\"async\" src=\"https:\/\/resizer.glanacion.com\/resizer\/v2\/QVF5D44PSNH27P5DV5STO6K4AM.JPG?auth=c906d3284c1141df45e07a90a5f054d7a750d4bfd6a8855a3beea20871abe877&amp;smart=true&amp;width=2000&amp;height=1125\" alt=\"El presidente Javier Milei durante la cena anual de la Fundaci\u00f3n Libertad\" height=\"1125\" width=\"2000\" \/><\/p>\n<p>Al momento de abordar la deuda p\u00fablica, puso el foco nuevamente en el kirchnerismo: \u201c<b>Durante el gobierno de Mauricio Macri, la deuda subi\u00f3 en US$60.000 millones de d\u00f3lares. Quiere decir que los US$320.000 millones de d\u00f3lares restantes son todos del kirchnerismo.<\/b> Si hay alguien que ha endeudado a este pa\u00eds, comprometiendo a las generaciones futuras, es el kirchnerismo. Durante nuestro gobierno, cay\u00f3 de US$10.000 millones\u201d.<\/p>\n<p>\u201cSi algo que los caracteriza es contar mentiras. Otra gran mentira: ahora repudian la inflaci\u00f3n, pero es la misma que ten\u00eda Cristina Kirchner. Son bastante ignorantes y bastante brutos en econom\u00eda. No me sorprende que sean personas que no pueden sumar dos m\u00e1s dos con un \u00e1baco\u201d, arremeti\u00f3 Milei. Aprovech\u00f3 asimismo para apuntar contra Axel Kicillof: <b>\u201cEl mejor exponente es el sovi\u00e9tico que gobierna la provincia de Buenos Aires\u201d.<\/b><\/p>\n<p>Y aclar\u00f3: \u201cNo fue magia. Fue liberalismo puro y duro. Control de la pol\u00edtica fiscal y monetaria. No quiere decir que la inflaci\u00f3n est\u00e9 resuelta. <b>33% es un n\u00famero horrible.<\/b> Pero tiene un sentido. La inflaci\u00f3n hab\u00eda empezado a caer de manera profunda. Pero luego del resultado de mayo y la victoria de Manuel [Adorni] en Ciudad, la pol\u00edtica sali\u00f3 a jugar. Lo que hubo a partir de la elecci\u00f3n fue un saboteo enorme, donde coordinaron empresaurios, medios de comunicaci\u00f3n, pol\u00edticos y opinadores, para destruir el programa econ\u00f3mico. Quisieron destruir el equilibrio fiscal\u00bb.<\/p>\n<p><img loading=\"lazy\" decoding=\"async\" src=\"https:\/\/resizer.glanacion.com\/resizer\/v2\/T6PDQVZPSBE7NNNJKL4QGPN2PU.JPG?auth=4ff37bb6ea6e2ac28b241a1367160bae3f789af931b52bcef57f0579995a2aa0&amp;smart=true&amp;width=2000&amp;height=1125\" alt=\"Milei recibe el premio Libertad 2026 durante la cena anual de la Fundaci\u00f3n Libertad\" height=\"1125\" width=\"2000\" \/><\/p>\n<p>Acus\u00f3 entonces a los actores mencionados de orquestar un \u201cataque especulativo\u201d que \u201cnunca se vio en la historia de la Argentina\u201d. \u201cLlevaron el Riesgo Pa\u00eds a 1500, la demanda de dinero cay\u00f3 junto con los pasivos monetarios. Destruyeron el capital de trabajo de la econom\u00eda, <b>pero pudimos mantenernos a flote por la solidez del programa. Los deshonestos intelectualmente dicen que nos salv\u00f3 Estados Unidos\u00bb<\/b>, dijo el Presidente.<\/p>\n<p>El encuentro reuni\u00f3 a dirigentes pol\u00edticos, empresarios e intelectuales de la Argentina y de otros pa\u00edses de la regi\u00f3n, y volvi\u00f3 a consolidarse como una de las principales citas del espacio liberal.<\/p>\n<p>La convocatoria incluy\u00f3 a m\u00e1s de 1000 invitados y tuvo como figuras destacadas como la del expresidente <a href=\"https:\/\/www.lanacion.com.ar\/politica\/mauricio-macri-el-populismo-se-esta-agotando-en-la-argentina-nid27042026\/\" target=\"_self\" rel=\"\" title=\"https:\/\/www.lanacion.com.ar\/politica\/mauricio-macri-el-populismo-se-esta-agotando-en-la-argentina-nid27042026\/\"><b>Mauricio Macri<\/b><\/a>, el ministro de Desregulaci\u00f3n y Transformaci\u00f3n del Estado, <b>Federico Sturzenegger<\/b>, y el ministro del Interior,<b> Diego Santilli<\/b>, entre otros referentes del oficialismo y la oposici\u00f3n. Tambi\u00e9n participaron el ensayista peruano \u00c1lvaro Vargas Llosa y la dirigente venezolana Mar\u00eda Corina Machado, quien intervino de manera remota.<\/p>\n<p>\u200b<\/p>\n<p>El presidente<b> <\/b><a href=\"https:\/\/www.lanacion.com.ar\/politica\/milei-y-macri-vuelven-a-compartir-un-ambito-politico-luego-de-seis-meses-en-la-cena-de-la-fundacion-nid27042026\/\" target=\"_self\" rel=\"\" title=\"https:\/\/www.lanacion.com.ar\/politica\/milei-y-macri-vuelven-a-compartir-un-ambito-politico-luego-de-seis-meses-en-la-cena-de-la-fundacion-nid27042026\/\"><b>Javier Milei<\/b><\/a> fue encargado de brindar el discurso de cierre de la cena anual de la Fundaci\u00f3n Libertad, evento que se celebra en Parque Norte. El mandatario hizo uso de la palabra cerca de las 21.45. Previo a su disertaci\u00f3n, recibi\u00f3 el premio Libertad 2026 por parte de Dr. Alberto Benegas Lynch (hijo).<\/p>\n<p>El titular de La Libertad Avanza (LLA) comenz\u00f3 solidariz\u00e1ndose con el presidente de Estados Unidos tras el tiroteo durante la cena anual de corresponsales de la Casa Blanca en Washington: \u201c<b>Quiero expresar mi m\u00e1s en\u00e9rgico repudio al intento de asesinato a Trump. <\/b>Estamos ante un nuevo auge de la violencia pol\u00edtica contra el mundo libre. Debe ser detenido en sus inicios. Hay muchos que no toleran perder la batalla en las urnas. Esas personas no son compatibles con la democracia. Debe ser castigado con todo el peso de la ley\u201d.<\/p>\n<p>\u201cNosotros los liberales cometimos un gran error tras la ca\u00edda del muro de Berl\u00edn, de creer que con la sola ca\u00edda alcanzaba. La realidad demostr\u00f3 que no. De hecho, lo que hizo el marxismo fue reconstruirse y dar la batalla cultural en otros aspectos. Traslad\u00f3 la lucha de clases a otro tipo de debates de la sociedad. <b>Terminaron tomando la escena. Y no tienen ning\u00fan problema en matarnos si les es necesario<\/b>\u201d, repar\u00f3.<\/p>\n<p><img loading=\"lazy\" decoding=\"async\" src=\"https:\/\/resizer.glanacion.com\/resizer\/v2\/OTW4ITQFE5AR3G4UT2IMZ7D2NQ.JPG?auth=b65406618b813b755f0fb5742a1bc0be9d5194fcfa0d63e667acd081c4d9f30a&amp;smart=true&amp;width=2000&amp;height=1125\" alt=\"El presidente Javier Milei durante la cena anual de la Fundaci\u00f3n Libertad\" height=\"1125\" width=\"2000\" \/><\/p>\n<p>Tras aquel comentario, <b>Milei precis\u00f3 que la charla tendr\u00eda por objeto demostrar que \u201clas ideas de la libertad funcionan\u201d.<\/b> \u201cHoy escucho a muchos que se llenan la boca con cosas que no les parecen correctas, pero al momento que ten\u00edan que hacer las cosas&#8230; Nosotros a nivel nacional no solo que hicimos el ajuste m\u00e1s grande en la historia de la Argentina si no que le devolvimos plata a los argentinos\u201d, destac\u00f3.<\/p>\n<p><b>Habl\u00f3 tambi\u00e9n sobre los recortes del sector p\u00fablico, con un dardo contra la exmandataria Cristina Kirchner<\/b>: \u201cRedujimos el tama\u00f1o del sector p\u00fablico nacional, que ronda los 15 puntos del PBI. Si quisi\u00e9ramos compararlo con otras \u00e9pocas, deber\u00edamos corregir por el acto de populismo salvaje de la presidiaria [Cristina Kirchner], cuando empez\u00f3 a dar jubilaciones sin aportes. Eso hizo que fuera m\u00e1s alto del peso del sector p\u00fablico para respetar el derecho adquirido por parte de los jubilados\u201d. Y puntualiz\u00f3: \u201cA veces nos olvidamos del lugar del que venimos\u201d.<\/p>\n<p><img loading=\"lazy\" decoding=\"async\" src=\"https:\/\/resizer.glanacion.com\/resizer\/v2\/QVF5D44PSNH27P5DV5STO6K4AM.JPG?auth=c906d3284c1141df45e07a90a5f054d7a750d4bfd6a8855a3beea20871abe877&amp;smart=true&amp;width=2000&amp;height=1125\" alt=\"El presidente Javier Milei durante la cena anual de la Fundaci\u00f3n Libertad\" height=\"1125\" width=\"2000\" \/><\/p>\n<p>Al momento de abordar la deuda p\u00fablica, puso el foco nuevamente en el kirchnerismo: \u201c<b>Durante el gobierno de Mauricio Macri, la deuda subi\u00f3 en US$60.000 millones de d\u00f3lares. Quiere decir que los US$320.000 millones de d\u00f3lares restantes son todos del kirchnerismo.<\/b> Si hay alguien que ha endeudado a este pa\u00eds, comprometiendo a las generaciones futuras, es el kirchnerismo. Durante nuestro gobierno, cay\u00f3 de US$10.000 millones\u201d.<\/p>\n<p>\u201cSi algo que los caracteriza es contar mentiras. Otra gran mentira: ahora repudian la inflaci\u00f3n, pero es la misma que ten\u00eda Cristina Kirchner. Son bastante ignorantes y bastante brutos en econom\u00eda. No me sorprende que sean personas que no pueden sumar dos m\u00e1s dos con un \u00e1baco\u201d, arremeti\u00f3 Milei. Aprovech\u00f3 asimismo para apuntar contra Axel Kicillof: <b>\u201cEl mejor exponente es el sovi\u00e9tico que gobierna la provincia de Buenos Aires\u201d.<\/b><\/p>\n<p>Y aclar\u00f3: \u201cNo fue magia. Fue liberalismo puro y duro. Control de la pol\u00edtica fiscal y monetaria. No quiere decir que la inflaci\u00f3n est\u00e9 resuelta. <b>33% es un n\u00famero horrible.<\/b> Pero tiene un sentido. La inflaci\u00f3n hab\u00eda empezado a caer de manera profunda. Pero luego del resultado de mayo y la victoria de Manuel [Adorni] en Ciudad, la pol\u00edtica sali\u00f3 a jugar. Lo que hubo a partir de la elecci\u00f3n fue un saboteo enorme, donde coordinaron empresaurios, medios de comunicaci\u00f3n, pol\u00edticos y opinadores, para destruir el programa econ\u00f3mico. Quisieron destruir el equilibrio fiscal\u00bb.<\/p>\n<p><img loading=\"lazy\" decoding=\"async\" src=\"https:\/\/resizer.glanacion.com\/resizer\/v2\/T6PDQVZPSBE7NNNJKL4QGPN2PU.JPG?auth=4ff37bb6ea6e2ac28b241a1367160bae3f789af931b52bcef57f0579995a2aa0&amp;smart=true&amp;width=2000&amp;height=1125\" alt=\"Milei recibe el premio Libertad 2026 durante la cena anual de la Fundaci\u00f3n Libertad\" height=\"1125\" width=\"2000\" \/><\/p>\n<p>Acus\u00f3 entonces a los actores mencionados de orquestar un \u201cataque especulativo\u201d que \u201cnunca se vio en la historia de la Argentina\u201d. \u201cLlevaron el Riesgo Pa\u00eds a 1500, la demanda de dinero cay\u00f3 junto con los pasivos monetarios. Destruyeron el capital de trabajo de la econom\u00eda, <b>pero pudimos mantenernos a flote por la solidez del programa. Los deshonestos intelectualmente dicen que nos salv\u00f3 Estados Unidos\u00bb<\/b>, dijo el Presidente.<\/p>\n<p>El encuentro reuni\u00f3 a dirigentes pol\u00edticos, empresarios e intelectuales de la Argentina y de otros pa\u00edses de la regi\u00f3n, y volvi\u00f3 a consolidarse como una de las principales citas del espacio liberal.<\/p>\n<p>La convocatoria incluy\u00f3 a m\u00e1s de 1000 invitados y tuvo como figuras destacadas como la del expresidente <a href=\"https:\/\/www.lanacion.com.ar\/politica\/mauricio-macri-el-populismo-se-esta-agotando-en-la-argentina-nid27042026\/\" target=\"_self\" rel=\"\" title=\"https:\/\/www.lanacion.com.ar\/politica\/mauricio-macri-el-populismo-se-esta-agotando-en-la-argentina-nid27042026\/\"><b>Mauricio Macri<\/b><\/a>, el ministro de Desregulaci\u00f3n y Transformaci\u00f3n del Estado, <b>Federico Sturzenegger<\/b>, y el ministro del Interior,<b> Diego Santilli<\/b>, entre otros referentes del oficialismo y la oposici\u00f3n. Tambi\u00e9n participaron el ensayista peruano \u00c1lvaro Vargas Llosa y la dirigente venezolana Mar\u00eda Corina Machado, quien intervino de manera remota.<\/p>\n<p>\u00a0El jefe de Estado cierra la cena anual de la Fundaci\u00f3n Libertad; \u201cLas ideas de la libertad funcionan\u201d, dijo\u00a0\u00a0LA NACION<\/p>","protected":false},"excerpt":{"rendered":"<p>El presidente Javier Milei fue encargado de brindar el discurso de cierre de la cena anual de la Fundaci\u00f3n Libertad, evento que se celebra en Parque Norte. El mandatario hizo uso de la palabra cerca de las 21.45. Previo a su disertaci\u00f3n, recibi\u00f3 el premio Libertad 2026 por parte de Dr. Alberto Benegas Lynch (hijo). &hellip;<\/p>\n","protected":false},"author":1,"featured_media":243381,"comment_status":"","ping_status":"open","sticky":false,"template":"","format":"standard","meta":{"footnotes":""},"categories":[38,10],"tags":[],"class_list":["post-243380","post","type-post","status-publish","format-standard","has-post-thumbnail","hentry","category-nacionales","category-ultimasnoticias"],"_links":{"self":[{"href":"http:\/\/enlace24.com\/web\/wp-json\/wp\/v2\/posts\/243380","targetHints":{"allow":["GET"]}}],"collection":[{"href":"http:\/\/enlace24.com\/web\/wp-json\/wp\/v2\/posts"}],"about":[{"href":"http:\/\/enlace24.com\/web\/wp-json\/wp\/v2\/types\/post"}],"author":[{"embeddable":true,"href":"http:\/\/enlace24.com\/web\/wp-json\/wp\/v2\/users\/1"}],"replies":[{"embeddable":true,"href":"http:\/\/enlace24.com\/web\/wp-json\/wp\/v2\/comments?post=243380"}],"version-history":[{"count":0,"href":"http:\/\/enlace24.com\/web\/wp-json\/wp\/v2\/posts\/243380\/revisions"}],"wp:featuredmedia":[{"embeddable":true,"href":"http:\/\/enlace24.com\/web\/wp-json\/wp\/v2\/media\/243381"}],"wp:attachment":[{"href":"http:\/\/enlace24.com\/web\/wp-json\/wp\/v2\/media?parent=243380"}],"wp:term":[{"taxonomy":"category","embeddable":true,"href":"http:\/\/enlace24.com\/web\/wp-json\/wp\/v2\/categories?post=243380"},{"taxonomy":"post_tag","embeddable":true,"href":"http:\/\/enlace24.com\/web\/wp-json\/wp\/v2\/tags?post=243380"}],"curies":[{"name":"wp","href":"https:\/\/api.w.org\/{rel}","templated":true}]}}