{"id":243371,"date":"2026-04-28T01:28:17","date_gmt":"2026-04-28T01:28:17","guid":{"rendered":"http:\/\/enlace24.com\/web\/2026\/04\/28\/maximo-busca-hacer-valer-su-poder-y-toma-distancia-de-un-gran-frente-anti-mileimaximo-busca-hacer-valer-su-poder-y-toma-distancia-de-un-gran-frente-anti-milei\/"},"modified":"2026-04-28T01:28:17","modified_gmt":"2026-04-28T01:28:17","slug":"maximo-busca-hacer-valer-su-poder-y-toma-distancia-de-un-gran-frente-anti-mileimaximo-busca-hacer-valer-su-poder-y-toma-distancia-de-un-gran-frente-anti-milei","status":"publish","type":"post","link":"http:\/\/enlace24.com\/web\/2026\/04\/28\/maximo-busca-hacer-valer-su-poder-y-toma-distancia-de-un-gran-frente-anti-mileimaximo-busca-hacer-valer-su-poder-y-toma-distancia-de-un-gran-frente-anti-milei\/","title":{"rendered":"M\u00e1ximo busca hacer valer su poder y toma distancia de un gran frente anti Milei\u200bM\u00e1ximo busca hacer valer su poder y toma distancia de un gran frente anti Milei\u00a0"},"content":{"rendered":"<p>Por fuera de las chicanas ef\u00edmeras de los grupos de WhatsApp, M\u00e1ximo Kirchner sali\u00f3 a jugar fuerte para hacer valer el poder del kirchnerismo dentro de un eventual armado peronista. Son los primeros movimientos concretos que surgen de cara a la construcci\u00f3n de una nueva alianza para recuperar al poder.<\/p>\n\n\n<p>M\u00e1ximo reniega de un frente anti-Milei y sostiene que los frentes \u00abanti\u00bb siempre fracasaron. Toma distancia de un grupo de gobernadores entre los que se ubican Osvaldo Jaldo (Tucum\u00e1n), Gustavo S\u00e1enz (Salta) y Ra\u00fal Jalil (Catamarca) y propone primero consensuar una serie de puntos b\u00e1sicos. <\/p>\n\n\n<p>\u00abCompetiremos el a\u00f1o que viene, ahora estamos pensando en fondear a las provincias. Ya que hablan tanto de federalismo, me llama la atenci\u00f3n que no podamos juntar una masa cr\u00edtica de diputados que permitan abordar los problemas de millones de argentinos para abordar los problemas del pa\u00eds\u00bb, dijo este lunes a AM 530.<\/p>\n<p class=\"authorquote\" title=\"M\u00e1ximo Kirchner\">Me llama la atenci\u00f3n que no podamos juntar una masa cr\u00edtica de diputados que permitan abordar los problemas de millones de argentinos para abordar los problemas del pa\u00eds.<\/p>\n\n\n<p>El l\u00edder de La C\u00e1mpora entiende que no se define una lecci\u00f3n presidencial sumando m\u00e1s o menos dirigentes. Asegura que la clave pasa por discutir una serie de puntos program\u00e1ticos en los que incluye un perfil productivo para el pa\u00eds, el desarme de la deuda y la institucionalidad de la Naci\u00f3n.<\/p>\n\n\n<p>Una vez alcanzado un consenso firme sobre esos puntos, reci\u00e9n entonces construir una herramienta electoral. Y que vengan los que quieran. <\/p>\n<p><a href=\"https:\/\/www.lapoliticaonline.com\/tools\/redirect.php?t=3&amp;i=344387&amp;s=1b7d138f35b57d9ce772d708fe4e719b\" class=\"link-type-content content-type-noticia-ar\">\u00abLos Milei est\u00e1n en tensi\u00f3n con Toto Caputo y Karina quiere capturarle a Quirno\u00bb<\/a><\/p>\n\n\n<p>Como sea, el planteo de M\u00e1ximo parece una forma de condicionar el armado amplio en el que trabajan varios dirigentes del peronismo y que Axel Kicillof avala. El l\u00edder de La C\u00e1mpora hace valer el peso del kirchnerismo duro dentro peronismo.<\/p>\n\n\n<p>Esta ma\u00f1ana, Carlos Bianco sali\u00f3 a responderle. \u00abNo s\u00e9 c\u00f3mo llamar a ese frente. Si anti-Milei o no. Pero tiene que ser un frente que se oponga a sus pol\u00edticas y que construya una esperanza para el pueblo\u00bb, dijo y remarc\u00f3 que por una cuesti\u00f3n de aritm\u00e9tica electoral el peronismo no puede aspirar a ganar sin ampliar su base de alianzas. \u00abCon un n\u00facleo duro no vamos a ganar la elecci\u00f3n\u00bb, plante\u00f3.<\/p>\n<p>La postura de Kirchner condiciona e incomoda. Pone en tensi\u00f3n las negociaciones y deja en claro que nadie debe dar por hecho que Cristina a un nuevo frente peronista. Tambi\u00e9n existe una cuesti\u00f3n de supervivencia del espacio pol\u00edtico que lidera la ex presidenta.<\/p>\n\n<p class=\"authorquote\" title=\"Carlos Bianco.\">No s\u00e9 c\u00f3mo llamar a ese frente. Si anti-Milei o no. Pero tiene que ser un frente que se oponga a sus pol\u00edticas y que construya una esperanza para el pueblo. Pero con un n\u00facleo duro no vamos a ganar la elecci\u00f3n.<\/p>\n\n\n<p>En los \u00faltimos d\u00edas, el Instituto Patria se reactiv\u00f3 con un acto en La Plata que llev\u00f3 la consigna \u00abCristina Libre\u00bb. En el escenario del Colegio Nacional estuvieron Oscar Parrilli, los diputados Carlos Castagneto y Teresa Garc\u00eda, la ministra de Cultura bonaerense, Florencia Saintout, y el intendente Julio Alak. En los discursos hubo mensajes a los dirigentes del peronismo que \u00abcreen en un peronismo sin Cristina\u00bb.<\/p>\n\n\n<p>\u00abNo es posible ser un militante pol\u00edtico del peronismo, no es posible ser un cuadro pol\u00edtico si no nos planteamos estrategias para liberar a Cristina\u00bb, dijo Saintout en una frase que pareci\u00f3 dirigida a Kicillof.<\/p>\n\n\n<p>Los movimientos del kirchnerismo se dan tras una serie de filtraciones de un grupo de WhatsApp donde confluye el gobernador con intendentes. <\/p>\n\n\n<p>El episodio se desencaden\u00f3 a partir de la operaci\u00f3n de urgencia de Bianco, que fue intervenido por un cuadro de apendicitis en Barcelona, cuando participaba de una gira oficial junto al mandatario.<\/p>\n\n\n<p>Al conocerse la noticia, varios intendentes en el chat le enviaron fuerzas y apoyo. Sin embargo, Mayra Mendoza se diferenci\u00f3 del resto. \u00abVa a estar todo bien. Es la misma operaci\u00f3n que tuvo Cristina en diciembre. Distintos contextos: a vos te toc\u00f3 en Barcelona y a ella presa\u00bb, desliz\u00f3 la ex intendenta de Quilmes, que asumi\u00f3 en diciembre pasado como legisladora provincial. <\/p>\n\n\n<p>Y el reproche continu\u00f3 hacia el gobernador bonaerense: \u00abEntiendo la preocupaci\u00f3n de Axel. Insisto con que hubiera sido HUMANO que exista tambi\u00e9n por la mujer que le dio la posibilidad de ser gobernador\u00bb.<\/p>\n\n\n<p>\u200b<\/p>\n<p>Por fuera de las chicanas ef\u00edmeras de los grupos de WhatsApp, M\u00e1ximo Kirchner sali\u00f3 a jugar fuerte para hacer valer el poder del kirchnerismo dentro de un eventual armado peronista. Son los primeros movimientos concretos que surgen de cara a la construcci\u00f3n de una nueva alianza para recuperar al poder.<\/p>\n\n\n<p>M\u00e1ximo reniega de un frente anti-Milei y sostiene que los frentes \u00abanti\u00bb siempre fracasaron. Toma distancia de un grupo de gobernadores entre los que se ubican Osvaldo Jaldo (Tucum\u00e1n), Gustavo S\u00e1enz (Salta) y Ra\u00fal Jalil (Catamarca) y propone primero consensuar una serie de puntos b\u00e1sicos. <\/p>\n\n\n<p>\u00abCompetiremos el a\u00f1o que viene, ahora estamos pensando en fondear a las provincias. Ya que hablan tanto de federalismo, me llama la atenci\u00f3n que no podamos juntar una masa cr\u00edtica de diputados que permitan abordar los problemas de millones de argentinos para abordar los problemas del pa\u00eds\u00bb, dijo este lunes a AM 530.<\/p>\n<p class=\"authorquote\" title=\"M\u00e1ximo Kirchner\">Me llama la atenci\u00f3n que no podamos juntar una masa cr\u00edtica de diputados que permitan abordar los problemas de millones de argentinos para abordar los problemas del pa\u00eds.<\/p>\n\n\n<p>El l\u00edder de La C\u00e1mpora entiende que no se define una lecci\u00f3n presidencial sumando m\u00e1s o menos dirigentes. Asegura que la clave pasa por discutir una serie de puntos program\u00e1ticos en los que incluye un perfil productivo para el pa\u00eds, el desarme de la deuda y la institucionalidad de la Naci\u00f3n.<\/p>\n\n\n<p>Una vez alcanzado un consenso firme sobre esos puntos, reci\u00e9n entonces construir una herramienta electoral. Y que vengan los que quieran. <\/p>\n<p><a href=\"https:\/\/www.lapoliticaonline.com\/tools\/redirect.php?t=3&amp;i=344387&amp;s=1b7d138f35b57d9ce772d708fe4e719b\" class=\"link-type-content content-type-noticia-ar\">\u00abLos Milei est\u00e1n en tensi\u00f3n con Toto Caputo y Karina quiere capturarle a Quirno\u00bb<\/a><\/p>\n\n\n<p>Como sea, el planteo de M\u00e1ximo parece una forma de condicionar el armado amplio en el que trabajan varios dirigentes del peronismo y que Axel Kicillof avala. El l\u00edder de La C\u00e1mpora hace valer el peso del kirchnerismo duro dentro peronismo.<\/p>\n\n\n<p>Esta ma\u00f1ana, Carlos Bianco sali\u00f3 a responderle. \u00abNo s\u00e9 c\u00f3mo llamar a ese frente. Si anti-Milei o no. Pero tiene que ser un frente que se oponga a sus pol\u00edticas y que construya una esperanza para el pueblo\u00bb, dijo y remarc\u00f3 que por una cuesti\u00f3n de aritm\u00e9tica electoral el peronismo no puede aspirar a ganar sin ampliar su base de alianzas. \u00abCon un n\u00facleo duro no vamos a ganar la elecci\u00f3n\u00bb, plante\u00f3.<\/p>\n<p>La postura de Kirchner condiciona e incomoda. Pone en tensi\u00f3n las negociaciones y deja en claro que nadie debe dar por hecho que Cristina a un nuevo frente peronista. Tambi\u00e9n existe una cuesti\u00f3n de supervivencia del espacio pol\u00edtico que lidera la ex presidenta.<\/p>\n\n<p class=\"authorquote\" title=\"Carlos Bianco.\">No s\u00e9 c\u00f3mo llamar a ese frente. Si anti-Milei o no. Pero tiene que ser un frente que se oponga a sus pol\u00edticas y que construya una esperanza para el pueblo. Pero con un n\u00facleo duro no vamos a ganar la elecci\u00f3n.<\/p>\n\n\n<p>En los \u00faltimos d\u00edas, el Instituto Patria se reactiv\u00f3 con un acto en La Plata que llev\u00f3 la consigna \u00abCristina Libre\u00bb. En el escenario del Colegio Nacional estuvieron Oscar Parrilli, los diputados Carlos Castagneto y Teresa Garc\u00eda, la ministra de Cultura bonaerense, Florencia Saintout, y el intendente Julio Alak. En los discursos hubo mensajes a los dirigentes del peronismo que \u00abcreen en un peronismo sin Cristina\u00bb.<\/p>\n\n\n<p>\u00abNo es posible ser un militante pol\u00edtico del peronismo, no es posible ser un cuadro pol\u00edtico si no nos planteamos estrategias para liberar a Cristina\u00bb, dijo Saintout en una frase que pareci\u00f3 dirigida a Kicillof.<\/p>\n\n\n<p>Los movimientos del kirchnerismo se dan tras una serie de filtraciones de un grupo de WhatsApp donde confluye el gobernador con intendentes. <\/p>\n\n\n<p>El episodio se desencaden\u00f3 a partir de la operaci\u00f3n de urgencia de Bianco, que fue intervenido por un cuadro de apendicitis en Barcelona, cuando participaba de una gira oficial junto al mandatario.<\/p>\n\n\n<p>Al conocerse la noticia, varios intendentes en el chat le enviaron fuerzas y apoyo. Sin embargo, Mayra Mendoza se diferenci\u00f3 del resto. \u00abVa a estar todo bien. Es la misma operaci\u00f3n que tuvo Cristina en diciembre. Distintos contextos: a vos te toc\u00f3 en Barcelona y a ella presa\u00bb, desliz\u00f3 la ex intendenta de Quilmes, que asumi\u00f3 en diciembre pasado como legisladora provincial. <\/p>\n\n\n<p>Y el reproche continu\u00f3 hacia el gobernador bonaerense: \u00abEntiendo la preocupaci\u00f3n de Axel. Insisto con que hubiera sido HUMANO que exista tambi\u00e9n por la mujer que le dio la posibilidad de ser gobernador\u00bb.<\/p>\n\n\n<p>\u00a0Reactivaron el Instituto Patria con un acto en La Plata y con la consigna Cristina Libre. Cr\u00edticas a quienes \u00abcreen en un peronismo sin Cristina\u00bb.\u00a0\u00a0<a href=\"https:\/\/www.lapoliticaonline.com\/politica\/maximo-busca-hacer-valer-su-poder-y-toma-distancia-de-un-gran-frente-anti-milei\/\" target=\"_blank\" class=\"feedzy-rss-link-icon\">Leer m\u00e1s<\/a><\/p>","protected":false},"excerpt":{"rendered":"<p>Por fuera de las chicanas ef\u00edmeras de los grupos de WhatsApp, M\u00e1ximo Kirchner sali\u00f3 a jugar fuerte para hacer valer el poder del kirchnerismo dentro de un eventual armado peronista. Son los primeros movimientos concretos que surgen de cara a la construcci\u00f3n de una nueva alianza para recuperar al poder. M\u00e1ximo reniega de un frente &hellip;<\/p>\n","protected":false},"author":1,"featured_media":243372,"comment_status":"","ping_status":"open","sticky":false,"template":"","format":"standard","meta":{"footnotes":""},"categories":[26,10],"tags":[],"class_list":["post-243371","post","type-post","status-publish","format-standard","has-post-thumbnail","hentry","category-politica","category-ultimasnoticias"],"_links":{"self":[{"href":"http:\/\/enlace24.com\/web\/wp-json\/wp\/v2\/posts\/243371","targetHints":{"allow":["GET"]}}],"collection":[{"href":"http:\/\/enlace24.com\/web\/wp-json\/wp\/v2\/posts"}],"about":[{"href":"http:\/\/enlace24.com\/web\/wp-json\/wp\/v2\/types\/post"}],"author":[{"embeddable":true,"href":"http:\/\/enlace24.com\/web\/wp-json\/wp\/v2\/users\/1"}],"replies":[{"embeddable":true,"href":"http:\/\/enlace24.com\/web\/wp-json\/wp\/v2\/comments?post=243371"}],"version-history":[{"count":0,"href":"http:\/\/enlace24.com\/web\/wp-json\/wp\/v2\/posts\/243371\/revisions"}],"wp:featuredmedia":[{"embeddable":true,"href":"http:\/\/enlace24.com\/web\/wp-json\/wp\/v2\/media\/243372"}],"wp:attachment":[{"href":"http:\/\/enlace24.com\/web\/wp-json\/wp\/v2\/media?parent=243371"}],"wp:term":[{"taxonomy":"category","embeddable":true,"href":"http:\/\/enlace24.com\/web\/wp-json\/wp\/v2\/categories?post=243371"},{"taxonomy":"post_tag","embeddable":true,"href":"http:\/\/enlace24.com\/web\/wp-json\/wp\/v2\/tags?post=243371"}],"curies":[{"name":"wp","href":"https:\/\/api.w.org\/{rel}","templated":true}]}}