{"id":243369,"date":"2026-04-28T01:25:16","date_gmt":"2026-04-28T01:25:16","guid":{"rendered":"http:\/\/enlace24.com\/web\/2026\/04\/28\/agenda-austral-informacion-las-24-hscaputo-sobre-las-exportaciones-de-bienes-diferenciados-de-2026-las-mas-altas-en-13-anos\/"},"modified":"2026-04-28T01:25:16","modified_gmt":"2026-04-28T01:25:16","slug":"agenda-austral-informacion-las-24-hscaputo-sobre-las-exportaciones-de-bienes-diferenciados-de-2026-las-mas-altas-en-13-anos","status":"publish","type":"post","link":"http:\/\/enlace24.com\/web\/2026\/04\/28\/agenda-austral-informacion-las-24-hscaputo-sobre-las-exportaciones-de-bienes-diferenciados-de-2026-las-mas-altas-en-13-anos\/","title":{"rendered":"AGENDA AUSTRAL ::::: Informaci\u00f3n las 24 Hs\u200bCaputo sobre las exportaciones de bienes diferenciados de 2026: \u201clas m\u00e1s altas en 13 a\u00f1os\u201d\u00a0"},"content":{"rendered":"<p>\u200b \u00a0El ministro de Econom\u00eda calific\u00f3 de \u201cimportante\u201d la exportaci\u00f3n de productos y servicios nacionales, que fue r\u00e9cord en la primera parte del a\u00f1o.\u00a0\u00a0\u00a0\u00a0<\/p>\n<p>\u200b<img decoding=\"async\" width=\"150\" height=\"150\" src=\"https:\/\/agendaaustral.com\/web\/wp-content\/uploads\/2026\/04\/md-NAsS7D-150x150.webp\" class=\"attachment-thumbnail size-thumbnail wp-post-image\" alt=\"\" loading=\"lazy\" \/><\/p>\n<p>\u200b<\/p>\n<p>                    \u00a0El ministro de Econom\u00eda calific\u00f3 de \u201cimportante\u201d la exportaci\u00f3n de productos y servicios nacionales, que fue r\u00e9cord en la primera parte del a\u00f1o.\u00a0\u00a0<\/p>\n<p>\u00a0<\/p>","protected":false},"excerpt":{"rendered":"<p>\u200b \u00a0El ministro de Econom\u00eda calific\u00f3 de \u201cimportante\u201d la exportaci\u00f3n de productos y servicios nacionales, que fue r\u00e9cord en la primera parte del a\u00f1o.\u00a0\u00a0\u00a0\u00a0 \u200b \u200b \u00a0El ministro de Econom\u00eda calific\u00f3 de \u201cimportante\u201d la exportaci\u00f3n de productos y servicios nacionales, que fue r\u00e9cord en la primera parte del a\u00f1o.\u00a0\u00a0 \u00a0<\/p>\n","protected":false},"author":1,"featured_media":243370,"comment_status":"","ping_status":"open","sticky":false,"template":"","format":"standard","meta":{"footnotes":""},"categories":[1185,10],"tags":[],"class_list":["post-243369","post","type-post","status-publish","format-standard","has-post-thumbnail","hentry","category-patagonia","category-ultimasnoticias"],"_links":{"self":[{"href":"http:\/\/enlace24.com\/web\/wp-json\/wp\/v2\/posts\/243369","targetHints":{"allow":["GET"]}}],"collection":[{"href":"http:\/\/enlace24.com\/web\/wp-json\/wp\/v2\/posts"}],"about":[{"href":"http:\/\/enlace24.com\/web\/wp-json\/wp\/v2\/types\/post"}],"author":[{"embeddable":true,"href":"http:\/\/enlace24.com\/web\/wp-json\/wp\/v2\/users\/1"}],"replies":[{"embeddable":true,"href":"http:\/\/enlace24.com\/web\/wp-json\/wp\/v2\/comments?post=243369"}],"version-history":[{"count":0,"href":"http:\/\/enlace24.com\/web\/wp-json\/wp\/v2\/posts\/243369\/revisions"}],"wp:featuredmedia":[{"embeddable":true,"href":"http:\/\/enlace24.com\/web\/wp-json\/wp\/v2\/media\/243370"}],"wp:attachment":[{"href":"http:\/\/enlace24.com\/web\/wp-json\/wp\/v2\/media?parent=243369"}],"wp:term":[{"taxonomy":"category","embeddable":true,"href":"http:\/\/enlace24.com\/web\/wp-json\/wp\/v2\/categories?post=243369"},{"taxonomy":"post_tag","embeddable":true,"href":"http:\/\/enlace24.com\/web\/wp-json\/wp\/v2\/tags?post=243369"}],"curies":[{"name":"wp","href":"https:\/\/api.w.org\/{rel}","templated":true}]}}