{"id":243367,"date":"2026-04-28T01:25:50","date_gmt":"2026-04-28T01:25:50","guid":{"rendered":"http:\/\/enlace24.com\/web\/2026\/04\/28\/agenda-austral-informacion-las-24-hspaso-clave-para-ordenar-la-psicologia-en-rio-negro-avanza-el-colegio-unico\/"},"modified":"2026-04-28T01:25:50","modified_gmt":"2026-04-28T01:25:50","slug":"agenda-austral-informacion-las-24-hspaso-clave-para-ordenar-la-psicologia-en-rio-negro-avanza-el-colegio-unico","status":"publish","type":"post","link":"http:\/\/enlace24.com\/web\/2026\/04\/28\/agenda-austral-informacion-las-24-hspaso-clave-para-ordenar-la-psicologia-en-rio-negro-avanza-el-colegio-unico\/","title":{"rendered":"AGENDA AUSTRAL ::::: Informaci\u00f3n las 24 Hs\u200bPaso clave para ordenar la Psicolog\u00eda en R\u00edo Negro: avanza el Colegio \u00fanico\u00a0"},"content":{"rendered":"<p>\u200b \u00a0La Comisi\u00f3n de Asuntos Sociales de la Legislatura de R\u00edo Negro aprob\u00f3 el proyecto de ley que propone la creaci\u00f3n de un Colegio \u00fanico de Profesionales de la Psicolog\u00eda a nivel provincial.\u00a0\u00a0\u00a0\u00a0<\/p>\n<p>\u200b<img loading=\"lazy\" decoding=\"async\" width=\"150\" height=\"150\" src=\"https:\/\/agendaaustral.com\/web\/wp-content\/uploads\/2026\/04\/md-8AhVmu-150x150.webp\" class=\"attachment-thumbnail size-thumbnail wp-post-image\" alt=\"\" \/><\/p>\n<p>\u200b<\/p>\n<p>                    \u00a0La Comisi\u00f3n de Asuntos Sociales de la Legislatura de R\u00edo Negro aprob\u00f3 el proyecto de ley que propone la creaci\u00f3n de un Colegio \u00fanico de Profesionales de la Psicolog\u00eda a nivel provincial.\u00a0\u00a0<\/p>\n<p>\u00a0<\/p>","protected":false},"excerpt":{"rendered":"<p>\u200b \u00a0La Comisi\u00f3n de Asuntos Sociales de la Legislatura de R\u00edo Negro aprob\u00f3 el proyecto de ley que propone la creaci\u00f3n de un Colegio \u00fanico de Profesionales de la Psicolog\u00eda a nivel provincial.\u00a0\u00a0\u00a0\u00a0 \u200b \u200b \u00a0La Comisi\u00f3n de Asuntos Sociales de la Legislatura de R\u00edo Negro aprob\u00f3 el proyecto de ley que propone la creaci\u00f3n &hellip;<\/p>\n","protected":false},"author":1,"featured_media":243368,"comment_status":"","ping_status":"open","sticky":false,"template":"","format":"standard","meta":{"footnotes":""},"categories":[1185,10],"tags":[],"class_list":["post-243367","post","type-post","status-publish","format-standard","has-post-thumbnail","hentry","category-patagonia","category-ultimasnoticias"],"_links":{"self":[{"href":"http:\/\/enlace24.com\/web\/wp-json\/wp\/v2\/posts\/243367","targetHints":{"allow":["GET"]}}],"collection":[{"href":"http:\/\/enlace24.com\/web\/wp-json\/wp\/v2\/posts"}],"about":[{"href":"http:\/\/enlace24.com\/web\/wp-json\/wp\/v2\/types\/post"}],"author":[{"embeddable":true,"href":"http:\/\/enlace24.com\/web\/wp-json\/wp\/v2\/users\/1"}],"replies":[{"embeddable":true,"href":"http:\/\/enlace24.com\/web\/wp-json\/wp\/v2\/comments?post=243367"}],"version-history":[{"count":0,"href":"http:\/\/enlace24.com\/web\/wp-json\/wp\/v2\/posts\/243367\/revisions"}],"wp:featuredmedia":[{"embeddable":true,"href":"http:\/\/enlace24.com\/web\/wp-json\/wp\/v2\/media\/243368"}],"wp:attachment":[{"href":"http:\/\/enlace24.com\/web\/wp-json\/wp\/v2\/media?parent=243367"}],"wp:term":[{"taxonomy":"category","embeddable":true,"href":"http:\/\/enlace24.com\/web\/wp-json\/wp\/v2\/categories?post=243367"},{"taxonomy":"post_tag","embeddable":true,"href":"http:\/\/enlace24.com\/web\/wp-json\/wp\/v2\/tags?post=243367"}],"curies":[{"name":"wp","href":"https:\/\/api.w.org\/{rel}","templated":true}]}}