{"id":243359,"date":"2026-04-28T00:28:18","date_gmt":"2026-04-28T00:28:18","guid":{"rendered":"https:\/\/enlace24.com\/web\/2026\/04\/28\/federico-sturzenegger-confirmo-que-en-junio-enviara-la-desregulacion-inmobiliaria-al-congreso-para-bajar-costos-en-la-compraventa\/"},"modified":"2026-04-28T00:28:18","modified_gmt":"2026-04-28T00:28:18","slug":"federico-sturzenegger-confirmo-que-en-junio-enviara-la-desregulacion-inmobiliaria-al-congreso-para-bajar-costos-en-la-compraventa","status":"publish","type":"post","link":"http:\/\/enlace24.com\/web\/2026\/04\/28\/federico-sturzenegger-confirmo-que-en-junio-enviara-la-desregulacion-inmobiliaria-al-congreso-para-bajar-costos-en-la-compraventa\/","title":{"rendered":"Federico Sturzenegger confirm\u00f3 que en junio enviar\u00e1 la desregulaci\u00f3n inmobiliaria al Congreso para bajar costos en la compraventa"},"content":{"rendered":"<p>El ministro de Desregulaci\u00f3n y Transformaci\u00f3n del Estado confirm\u00f3 cambios en corretaje. Tambi\u00e9n habl\u00f3 de cr\u00e9ditos hipotecarios y construcci\u00f3n como ejes para dinamizar el mercado.<\/p>\n<p>\u200bEl ministro de Desregulaci\u00f3n y Transformaci\u00f3n del Estado confirm\u00f3 cambios en corretaje. Tambi\u00e9n habl\u00f3 de cr\u00e9ditos hipotecarios y construcci\u00f3n como ejes para dinamizar el mercado.\u00a0El ministro de Desregulaci\u00f3n y Transformaci\u00f3n del Estado confirm\u00f3 cambios en corretaje. Tambi\u00e9n habl\u00f3 de cr\u00e9ditos hipotecarios y construcci\u00f3n como ejes para dinamizar el mercado.\u00a0\u00a0\u00daltimas noticias de Argentina y el Mundo | \u00c1mbito<\/p>","protected":false},"excerpt":{"rendered":"<p>El ministro de Desregulaci\u00f3n y Transformaci\u00f3n del Estado confirm\u00f3 cambios en corretaje. Tambi\u00e9n habl\u00f3 de cr\u00e9ditos hipotecarios y construcci\u00f3n como ejes para dinamizar el mercado. \u200bEl ministro de Desregulaci\u00f3n y Transformaci\u00f3n del Estado confirm\u00f3 cambios en corretaje. Tambi\u00e9n habl\u00f3 de cr\u00e9ditos hipotecarios y construcci\u00f3n como ejes para dinamizar el mercado.\u00a0El ministro de Desregulaci\u00f3n y Transformaci\u00f3n &hellip;<\/p>\n","protected":false},"author":1,"featured_media":243360,"comment_status":"","ping_status":"open","sticky":false,"template":"","format":"standard","meta":{"footnotes":""},"categories":[1],"tags":[],"class_list":["post-243359","post","type-post","status-publish","format-standard","has-post-thumbnail","hentry","category-sin-categoria"],"_links":{"self":[{"href":"http:\/\/enlace24.com\/web\/wp-json\/wp\/v2\/posts\/243359","targetHints":{"allow":["GET"]}}],"collection":[{"href":"http:\/\/enlace24.com\/web\/wp-json\/wp\/v2\/posts"}],"about":[{"href":"http:\/\/enlace24.com\/web\/wp-json\/wp\/v2\/types\/post"}],"author":[{"embeddable":true,"href":"http:\/\/enlace24.com\/web\/wp-json\/wp\/v2\/users\/1"}],"replies":[{"embeddable":true,"href":"http:\/\/enlace24.com\/web\/wp-json\/wp\/v2\/comments?post=243359"}],"version-history":[{"count":0,"href":"http:\/\/enlace24.com\/web\/wp-json\/wp\/v2\/posts\/243359\/revisions"}],"wp:featuredmedia":[{"embeddable":true,"href":"http:\/\/enlace24.com\/web\/wp-json\/wp\/v2\/media\/243360"}],"wp:attachment":[{"href":"http:\/\/enlace24.com\/web\/wp-json\/wp\/v2\/media?parent=243359"}],"wp:term":[{"taxonomy":"category","embeddable":true,"href":"http:\/\/enlace24.com\/web\/wp-json\/wp\/v2\/categories?post=243359"},{"taxonomy":"post_tag","embeddable":true,"href":"http:\/\/enlace24.com\/web\/wp-json\/wp\/v2\/tags?post=243359"}],"curies":[{"name":"wp","href":"https:\/\/api.w.org\/{rel}","templated":true}]}}