{"id":243357,"date":"2026-04-28T00:28:11","date_gmt":"2026-04-28T00:28:11","guid":{"rendered":"https:\/\/enlace24.com\/web\/2026\/04\/28\/la-mesa-chica-del-gobierno-se-reunio-en-casa-rosada-con-eje-en-el-informe-de-manuel-adorni-y-la-reforma-electoral\/"},"modified":"2026-04-28T00:28:11","modified_gmt":"2026-04-28T00:28:11","slug":"la-mesa-chica-del-gobierno-se-reunio-en-casa-rosada-con-eje-en-el-informe-de-manuel-adorni-y-la-reforma-electoral","status":"publish","type":"post","link":"http:\/\/enlace24.com\/web\/2026\/04\/28\/la-mesa-chica-del-gobierno-se-reunio-en-casa-rosada-con-eje-en-el-informe-de-manuel-adorni-y-la-reforma-electoral\/","title":{"rendered":"La mesa chica del Gobierno se reuni\u00f3 en Casa Rosada, con eje en el informe de Manuel Adorni y la reforma electoral"},"content":{"rendered":"<p>La primera plana del Gobierno repas\u00f3 los ejes de la presentaci\u00f3n del jefe de Gabinete, quien va a Diputados el mi\u00e9rcoles para defender la gesti\u00f3n nacional. Lo recibir\u00e1n los legisladores con m\u00e1s de 4 mil preguntas. Tambi\u00e9n hablaron sobre la negociaci\u00f3n para la eliminaci\u00f3n de las PASO.<\/p>\n<p>\u200bLa primera plana del Gobierno repas\u00f3 los ejes de la presentaci\u00f3n del jefe de Gabinete, quien va a Diputados el mi\u00e9rcoles para defender la gesti\u00f3n nacional. Lo recibir\u00e1n los legisladores con m\u00e1s de 4 mil preguntas. Tambi\u00e9n hablaron sobre la negociaci\u00f3n para la eliminaci\u00f3n de las PASO.\u00a0La primera plana del Gobierno repas\u00f3 los ejes de la presentaci\u00f3n del jefe de Gabinete, quien va a Diputados el mi\u00e9rcoles para defender la gesti\u00f3n nacional. Lo recibir\u00e1n los legisladores con m\u00e1s de 4 mil preguntas. Tambi\u00e9n hablaron sobre la negociaci\u00f3n para la eliminaci\u00f3n de las PASO.\u00a0\u00a0\u00daltimas noticias de Argentina y el Mundo | \u00c1mbito<\/p>","protected":false},"excerpt":{"rendered":"<p>La primera plana del Gobierno repas\u00f3 los ejes de la presentaci\u00f3n del jefe de Gabinete, quien va a Diputados el mi\u00e9rcoles para defender la gesti\u00f3n nacional. Lo recibir\u00e1n los legisladores con m\u00e1s de 4 mil preguntas. Tambi\u00e9n hablaron sobre la negociaci\u00f3n para la eliminaci\u00f3n de las PASO. \u200bLa primera plana del Gobierno repas\u00f3 los ejes &hellip;<\/p>\n","protected":false},"author":1,"featured_media":243358,"comment_status":"","ping_status":"open","sticky":false,"template":"","format":"standard","meta":{"footnotes":""},"categories":[1],"tags":[],"class_list":["post-243357","post","type-post","status-publish","format-standard","has-post-thumbnail","hentry","category-sin-categoria"],"_links":{"self":[{"href":"http:\/\/enlace24.com\/web\/wp-json\/wp\/v2\/posts\/243357","targetHints":{"allow":["GET"]}}],"collection":[{"href":"http:\/\/enlace24.com\/web\/wp-json\/wp\/v2\/posts"}],"about":[{"href":"http:\/\/enlace24.com\/web\/wp-json\/wp\/v2\/types\/post"}],"author":[{"embeddable":true,"href":"http:\/\/enlace24.com\/web\/wp-json\/wp\/v2\/users\/1"}],"replies":[{"embeddable":true,"href":"http:\/\/enlace24.com\/web\/wp-json\/wp\/v2\/comments?post=243357"}],"version-history":[{"count":0,"href":"http:\/\/enlace24.com\/web\/wp-json\/wp\/v2\/posts\/243357\/revisions"}],"wp:featuredmedia":[{"embeddable":true,"href":"http:\/\/enlace24.com\/web\/wp-json\/wp\/v2\/media\/243358"}],"wp:attachment":[{"href":"http:\/\/enlace24.com\/web\/wp-json\/wp\/v2\/media?parent=243357"}],"wp:term":[{"taxonomy":"category","embeddable":true,"href":"http:\/\/enlace24.com\/web\/wp-json\/wp\/v2\/categories?post=243357"},{"taxonomy":"post_tag","embeddable":true,"href":"http:\/\/enlace24.com\/web\/wp-json\/wp\/v2\/tags?post=243357"}],"curies":[{"name":"wp","href":"https:\/\/api.w.org\/{rel}","templated":true}]}}