{"id":243310,"date":"2026-04-27T21:29:17","date_gmt":"2026-04-27T21:29:17","guid":{"rendered":"https:\/\/enlace24.com\/web\/2026\/04\/27\/en-fotos-todos-los-invitados-a-la-celebracion-por-el-dia-del-rey-con-la-presencia-de-la-madre-de-maxima\/"},"modified":"2026-04-27T21:29:17","modified_gmt":"2026-04-27T21:29:17","slug":"en-fotos-todos-los-invitados-a-la-celebracion-por-el-dia-del-rey-con-la-presencia-de-la-madre-de-maxima","status":"publish","type":"post","link":"http:\/\/enlace24.com\/web\/2026\/04\/27\/en-fotos-todos-los-invitados-a-la-celebracion-por-el-dia-del-rey-con-la-presencia-de-la-madre-de-maxima\/","title":{"rendered":"En fotos. Todos los invitados a la celebraci\u00f3n por el D\u00eda del Rey con la presencia de la madre de M\u00e1xima"},"content":{"rendered":"<p><img loading=\"lazy\" decoding=\"async\" src=\"https:\/\/resizer.glanacion.com\/resizer\/v2\/KAGNXG77JZA3LOL4SLV5E5IH5Y.jpeg?auth=f94ca65d57717b88d36454ba0dc6326d9c5bf9acb816e9350c3d62d0ebcbd104&amp;smart=true&amp;width=1333&amp;height=2000\" alt=\"El embajador Mauritz Wilhelmus Verheijden, junto a su esposa, Roza Trajcevska-Verheijden\" height=\"2000\" width=\"1333\" \/><img loading=\"lazy\" decoding=\"async\" src=\"https:\/\/resizer.glanacion.com\/resizer\/v2\/H5Y7UNAPZVA5DCBV547LEDJ6P4.jpeg?auth=d0d7b3f5325ca0c798fcd01edd48531c030fb7030696e71fa687648b94c3542c&amp;smart=true&amp;width=1333&amp;height=2000\" alt=\"Bettina Bulgheroni, presidenta del Consejo Empresarial Alianza por Iberoam\u00e9rica (CEAPI) \" height=\"2000\" width=\"1333\" \/><img loading=\"lazy\" decoding=\"async\" src=\"https:\/\/resizer.glanacion.com\/resizer\/v2\/BOSXTKDK5ZB2XKYXGPPR6XXRQQ.jpeg?auth=f48f2b9b487fadacaa16b6a0d1dbbfd5ab5f1aa51d2814971546db5ae752c104&amp;smart=true&amp;width=1333&amp;height=2000\" alt=\"Mar\u00eda del Carmen Cerruti Carricart de Zorreguieta junto a su amiga Dolores Paz. La madre de la reina M\u00e1xima de los Pa\u00edses Bajos en el festejo por el cumplea\u00f1os de su yerno, el rey Guillermo Alejandro\" height=\"2000\" width=\"1333\" \/><img loading=\"lazy\" decoding=\"async\" src=\"https:\/\/resizer.glanacion.com\/resizer\/v2\/6AFATDGHINDILDRRPCVMSHKYH4.jpeg?auth=c3dcad0d19cdc419ad60b2783e45aeb3fa6f7fd5a827b6282bd662e77caef24f&amp;smart=true&amp;width=1333&amp;height=2000\" alt=\"Katherina Verheijden, la hija del embajador de Pa\u00edses Bajos, presente en el festejo\" height=\"2000\" width=\"1333\" \/><img loading=\"lazy\" decoding=\"async\" src=\"https:\/\/resizer.glanacion.com\/resizer\/v2\/LRWPBV6CLZENLB35C3KHSQ3T6M.jpeg?auth=93b7a29f6e696179cc4b5f9dcdf9ec434c55a83cf2233e05800812ab77bde2f0&amp;smart=true&amp;width=1333&amp;height=2000\" alt=\"El embajador Mauritz Wilhelmus Verheijden se acerc\u00f3 a saludar a la madre de la reina M\u00e1xima \" height=\"2000\" width=\"1333\" \/><img loading=\"lazy\" decoding=\"async\" src=\"https:\/\/resizer.glanacion.com\/resizer\/v2\/L2QM3Z5QURB7LC64BNFH6P3KD4.jpeg?auth=c09d653ba810e03b2d3e2787e22fb4d06806878e9abedaa128eb45760b7c9d0c&amp;smart=true&amp;width=1333&amp;height=2000\" alt=\"Erik H\u00f8eg, embajador de Uni\u00f3n Europea en el D\u00eda del Rey\" height=\"2000\" width=\"1333\" \/><img loading=\"lazy\" decoding=\"async\" src=\"https:\/\/resizer.glanacion.com\/resizer\/v2\/NBH676YNNJF65D263W7BTCUQ3Q.jpeg?auth=320c8c7e46d20262b0d13e38b39f823b3813a96f0c64daf9721f1e4d223aed3c&amp;smart=true&amp;width=1333&amp;height=2000\" alt=\"Heidi G\u00f3mez, ministra consejera en la embajada de los Estados Unidos\" height=\"2000\" width=\"1333\" \/><img loading=\"lazy\" decoding=\"async\" src=\"https:\/\/resizer.glanacion.com\/resizer\/v2\/NGV5LHK6BBEOTP7UBWO6ERX6GE.jpeg?auth=0c985278eeb82407789c1a792840c654b6b600fe91f09f6d2baced7a0c1fca1f&amp;smart=true&amp;width=1333&amp;height=2000\" alt=\"El embajador brit\u00e1nico, David Cairns, y su esposa, Sharon Cairns\" height=\"2000\" width=\"1333\" \/><img loading=\"lazy\" decoding=\"async\" src=\"https:\/\/resizer.glanacion.com\/resizer\/v2\/EHGW77AFKNG77E4QBX2JJKPP64.jpeg?auth=ad598b6e6f0223a8ad307dc932965a07e117e56d0e08a6da56e50dad7812b754&amp;smart=true&amp;width=1333&amp;height=2000\" alt=\"El embajador de Grecia, Efstathios Paizis Paradellis, y su esposa, Josefina Pasman de Paizis Paradellis\" height=\"2000\" width=\"1333\" \/><img loading=\"lazy\" decoding=\"async\" src=\"https:\/\/resizer.glanacion.com\/resizer\/v2\/HH6EHJKGBVBRJDQNUUNTDJX6IQ.jpeg?auth=e2cb03047a8b63f4ea9f3c53bd3550b9b1e48470621aa5b0fb58a59a7f67e06b&amp;smart=true&amp;width=1333&amp;height=2000\" alt=\"La embajadora de Finlandia, Nicola Lindertz\" height=\"2000\" width=\"1333\" \/><img loading=\"lazy\" decoding=\"async\" src=\"https:\/\/resizer.glanacion.com\/resizer\/v2\/WQSYVQ5DNZBM3KCGSFE4VA5B7E.jpeg?auth=03ec8504d6bcdc5a94b4fc1451f319a258a9dfe119c4aabc07e80e38faa5bfec&amp;smart=true&amp;width=1333&amp;height=2000\" alt=\"El embajador de Canad\u00e1, Stewart Ross Wheeler\" height=\"2000\" width=\"1333\" \/><img loading=\"lazy\" decoding=\"async\" src=\"https:\/\/resizer.glanacion.com\/resizer\/v2\/PQOIH2RBWRG63N7CJ4HKYW6CHE.jpeg?auth=877909ebd6baa90f8a5c0e10ae60a7d4359e091aca9f41b2ba31e58d152cb0c1&amp;smart=true&amp;width=1333&amp;height=2000\" alt=\"En Puerto Madero, Wei Wang, embajador de China\" height=\"2000\" width=\"1333\" \/><img loading=\"lazy\" decoding=\"async\" src=\"https:\/\/resizer.glanacion.com\/resizer\/v2\/OH4Z3L6NIJGWZFKR3GN4GJM34U.jpeg?auth=5f20a928ce6487444b15ebb81a6c2e3f139e17e136bd5be998be398b609ca8c1&amp;smart=true&amp;width=1333&amp;height=2000\" alt=\"Paula Monteserin , directora de Articulaci\u00f3n Ambiental, subsecretar\u00eda de Ambiente\" height=\"2000\" width=\"1333\" \/><img loading=\"lazy\" decoding=\"async\" src=\"https:\/\/resizer.glanacion.com\/resizer\/v2\/MEHFPKUO5BFWXHPUREE2FXPVRI.jpeg?auth=e1b42b96a0005f8ff016c9d075e92354a46dac38f05a6719c138d10cb721652a&amp;smart=true&amp;width=2000&amp;height=1333\" alt=\"Los preparativos para la fiesta por el cumplea\u00f1os del Rey\" height=\"1333\" width=\"2000\" \/><img loading=\"lazy\" decoding=\"async\" src=\"https:\/\/resizer.glanacion.com\/resizer\/v2\/4KO2ZXOT3RFIHPVP7PZIK3FFV4.jpeg?auth=d09051a223289ebd3c3ac167063ff88c24f51d1ff216b155f6f9a32f31e13b65&amp;smart=true&amp;width=1333&amp;height=2000\" alt=\"La ministra consejera de la embajada de los Pa\u00edses Bajos, Nadji Bilik\" height=\"2000\" width=\"1333\" \/><img loading=\"lazy\" decoding=\"async\" src=\"https:\/\/resizer.glanacion.com\/resizer\/v2\/PB7W4ONOOBCSFF7VRYDV7RPKPI.jpeg?auth=03db9798cbb0a1ef65fa36e988068fe0751cbf4eb665116457c90e2cd427e51c&amp;smart=true&amp;width=1333&amp;height=2000\" alt=\"Fares Yassir, embajador de Marruecos\" height=\"2000\" width=\"1333\" \/><img loading=\"lazy\" decoding=\"async\" src=\"https:\/\/resizer.glanacion.com\/resizer\/v2\/UCKHVMLG6BCOJHSZBV3H35WN54.jpeg?auth=9213010051d696bf7cbac34e9622f96b48942c9e5b87443caed775f21a268533&amp;smart=true&amp;width=1333&amp;height=2000\" alt=\"Federico Braun y Alfredo Staudt\" height=\"2000\" width=\"1333\" \/><img loading=\"lazy\" decoding=\"async\" src=\"https:\/\/resizer.glanacion.com\/resizer\/v2\/IKHZPDVJ2BE7ZBDJCOZEACMVW4.jpeg?auth=251e46068f02f2c6079b3c33941fdebe16deeb306be7aea4e51ae830aa54031c&amp;smart=true&amp;width=1333&amp;height=2000\" alt=\"El embajador de Corea, Yongsoo Lee\" height=\"2000\" width=\"1333\" \/><img loading=\"lazy\" decoding=\"async\" src=\"https:\/\/resizer.glanacion.com\/resizer\/v2\/NCL74TIPBBA63PVRIWNXKRTVCM.jpeg?auth=e148b8e3e04417d96ab221297fd4809c1efbae1a0d10ba133c1faed442cadfe1&amp;smart=true&amp;width=1333&amp;height=2000\" alt=\"El festejo por el D\u00eda del Rey \" height=\"2000\" width=\"1333\" \/><img loading=\"lazy\" decoding=\"async\" src=\"https:\/\/resizer.glanacion.com\/resizer\/v2\/CTDWMNWYSVHMLNGV5BZYG7ICN4.jpeg?auth=2ee36f5e120afe693f5be18b32e330cc33782ba3482ec5dc8fb43a03b218a01d&amp;smart=true&amp;width=1333&amp;height=2000\" alt=\"En el festejo se entonaron los tres himnos: el argentino, el neerland\u00e9s y el de Uni\u00f3n Europea\" height=\"2000\" width=\"1333\" \/><img loading=\"lazy\" decoding=\"async\" src=\"https:\/\/resizer.glanacion.com\/resizer\/v2\/BVB53OFXFVDWHBSP4BO3IK4U7U.jpeg?auth=c88262284e6386081ff7f950d2cb2f5248cb9b53776db6b867923aff78b0b1e8&amp;smart=true&amp;width=1333&amp;height=2000\" alt=\"La embajadora de Paraguay, Helena Felip Salazar\" height=\"2000\" width=\"1333\" \/><img loading=\"lazy\" decoding=\"async\" src=\"https:\/\/resizer.glanacion.com\/resizer\/v2\/TVVANQ7XZNAV5JUZ6QJ6RJIEEI.jpeg?auth=f6e74c2e911e8952d5a5ef471f01b7dfa59fa78a60f8b1b6fc064a693a591d28&amp;smart=true&amp;width=2000&amp;height=1333\" alt=\"La llegada de los invitados\" height=\"1333\" width=\"2000\" \/><img loading=\"lazy\" decoding=\"async\" src=\"https:\/\/resizer.glanacion.com\/resizer\/v2\/JVAKPTWV5NBJLNRV4P5MVYKFYA.jpeg?auth=bbe7dceaef1e67529ab9639ed6bc13269b6223e73dad06a90b4f9997c4b30162&amp;smart=true&amp;width=1333&amp;height=2000\" alt=\"La encargada de negocios de la embajada de Polonia, Bogna Ruminowicz\" height=\"2000\" width=\"1333\" \/><img loading=\"lazy\" decoding=\"async\" src=\"https:\/\/resizer.glanacion.com\/resizer\/v2\/L5J4P26VPFEUPGDZU4MMQ2VDEY.jpeg?auth=581673f37ea321ada2ec19367aa2c6021fda0749888f878359c8240f883527dc&amp;smart=true&amp;width=1333&amp;height=2000\" alt=\"Monse\u00f1os Daniele Liessi, encargado de negocios de la Nunciatura Apost\u00f3lica en Argentina\" height=\"2000\" width=\"1333\" \/><img loading=\"lazy\" decoding=\"async\" src=\"https:\/\/resizer.glanacion.com\/resizer\/v2\/N362QIYXDBGBNOIRDYPSBUDTTY.jpeg?auth=e71b1701997bec6bb65f40bc9d0be9fbd9a3280e7df3754bdedad43cf11f5168&amp;smart=true&amp;width=1333&amp;height=2000\" alt=\"Wilma Blok, jefa de Operaciones de la embajada de Pa\u00edses Bajos\" height=\"2000\" width=\"1333\" \/><img loading=\"lazy\" decoding=\"async\" src=\"https:\/\/resizer.glanacion.com\/resizer\/v2\/TKAZMIP6WRGWVGG4B3T2UDF3WY.jpeg?auth=dcc7b3d618ad9d75cf63b948e0ad90b99cbc3aedb4a7d65efd15fcb11a940bce&amp;smart=true&amp;width=1333&amp;height=2000\" alt=\"El embajador de Ucrania, Yurii Klymenko, y su esposa Zoia Klymenko. En su discurso, el embajador neerland\u00e9s ratific\u00f3 el apoyo de su pa\u00eds hacia Ucrania\" height=\"2000\" width=\"1333\" \/><img loading=\"lazy\" decoding=\"async\" src=\"https:\/\/resizer.glanacion.com\/resizer\/v2\/Q5HQOPVXKRCRHKLMP2Y6PBCDSE.jpeg?auth=4e6bbd2f74d6182d12fe53c2f0c4bff2c0246ded202bd0e10e2ef86cf86a21b0&amp;smart=true&amp;width=1333&amp;height=2000\" alt=\"Ramzi Teymurov, embajador de Azerbaiy\u00e1n, y su esposa, Konul Teymurov\" height=\"2000\" width=\"1333\" \/><img loading=\"lazy\" decoding=\"async\" src=\"https:\/\/resizer.glanacion.com\/resizer\/v2\/D4EWOXEVBRAF7KML2AB36P4QN4.jpeg?auth=c4574fc09f03fbcd8842769652d0f4453373033deb184f3c9031430995886922&amp;smart=true&amp;width=1333&amp;height=2000\" alt=\"Andr\u00e9s Das, director de la C\u00e1mara de Comercio Argentino Holandesa, recibi\u00f3 una condecoraci\u00f3n por su trabajo\" height=\"2000\" width=\"1333\" \/><img loading=\"lazy\" decoding=\"async\" src=\"https:\/\/resizer.glanacion.com\/resizer\/v2\/NFXTB47FYNEA3KJ6RD26DNH3AA.jpeg?auth=5ec0d2b91f2d18ac741ac4f793abcdde383f1721857cd7d071333ada69653e77&amp;smart=true&amp;width=1333&amp;height=2000\" alt=\"La condecoraci\u00f3n, Caballero de la Orden de Orange Nassau\" height=\"2000\" width=\"1333\" \/><img loading=\"lazy\" decoding=\"async\" src=\"https:\/\/resizer.glanacion.com\/resizer\/v2\/ZCPVXEMEAFARJOE4I2IIXWR64U.jpeg?auth=a9b181ae5c9fe49c9dd529038c6cb451f431ec0464e3beec770776741e0fad3b&amp;smart=true&amp;width=2000&amp;height=1333\" alt=\"El saludo entre Mar\u00eda del Carmen Cerruti de Zorreguieta con Norberto Frigerio, director de Relaciones Institucionales de LA NACION\" height=\"1333\" width=\"2000\" \/><img loading=\"lazy\" decoding=\"async\" src=\"https:\/\/resizer.glanacion.com\/resizer\/v2\/GRHOTS52PJBOHEWUN744G52QMI.jpeg?auth=fdd80526b51e3017336cedb3a2e24ab57d20d67a145dc69eac08e9c4428586e9&amp;smart=true&amp;width=2000&amp;height=1333\" alt=\"El festejo de Pa\u00edses Bajos reuni\u00f3 al mundo diplom\u00e1tico en Puerto Madero. Los embajadores de Gran Breta\u00f1a y de Ucrania, junto a sus esposas \" height=\"1333\" width=\"2000\" \/><img loading=\"lazy\" decoding=\"async\" src=\"https:\/\/resizer.glanacion.com\/resizer\/v2\/5LBOFWYGQNAJHMSUJNTTBEH2MM.jpeg?auth=3ca1a9b1891005d32abe5e59865cfcebb2e26492322875cdb0e633fdb9960a7a&amp;smart=true&amp;width=1333&amp;height=2000\" alt=\"Los invitados lucieron la bandera y los colores de Pa\u00edses Bajos y de la casa de Orange Nassau\" height=\"2000\" width=\"1333\" \/><img loading=\"lazy\" decoding=\"async\" src=\"https:\/\/resizer.glanacion.com\/resizer\/v2\/KTF6DOZZVRFFNAHON26KRKAZZU.jpeg?auth=69da4af7463bb6229dd3c3817937bf4905a5379d02f74bf74533820bb3ad3088&amp;smart=true&amp;width=1333&amp;height=2000\" alt=\"Las autoridades de la embajada de los Pa\u00edses Bajos reciben a la embajadora de M\u00e9xico, Lilia Rossbach Su\u00e1rez\" height=\"2000\" width=\"1333\" \/><img loading=\"lazy\" decoding=\"async\" src=\"https:\/\/resizer.glanacion.com\/resizer\/v2\/DNN32GUOONCCVFAWRHAJFTJB5Y.jpeg?auth=1bcdd8926e4cfdc77e0d70f2add85b1d3c805078045ebd3a72fe026a73617d60&amp;smart=true&amp;width=2000&amp;height=1333\" alt=\"El D\u00eda del Rey en el Yacht Club Puerto Madero\" height=\"1333\" width=\"2000\" \/><img loading=\"lazy\" decoding=\"async\" src=\"https:\/\/resizer.glanacion.com\/resizer\/v2\/DTSCQIZU7RCVHALNZT6UVRREDQ.jpeg?auth=a061a783e9852f365d41ed8e988886521083fe83e9388c563ce85d1fe3fedc34&amp;smart=true&amp;width=1333&amp;height=2000\" alt=\"El ministro de la embajada de Alemania, Peter Neven\" height=\"2000\" width=\"1333\" \/><img loading=\"lazy\" decoding=\"async\" src=\"https:\/\/resizer.glanacion.com\/resizer\/v2\/HYLCLG2Z25CFTEVAFJIWJO5PKI.jpeg?auth=c01a4227261f2170078d1f7dac6054a4b2d5f20e1524dcdc1dba122ccf7b0421&amp;smart=true&amp;width=1333&amp;height=2000\" alt=\"La legisladora porte\u00f1a Patricia Glize\" height=\"2000\" width=\"1333\" \/><img loading=\"lazy\" decoding=\"async\" src=\"https:\/\/resizer.glanacion.com\/resizer\/v2\/OT2VO72VOBCF5JVC3A4MX5GHGE.jpeg?auth=993182a5733fbed1862e1dac831d264a694ff3d32cd2b83aa8e1f6f4d2b73abe&amp;smart=true&amp;width=2000&amp;height=1333\" alt=\"El Yacht Club fue ambientado acorde a los colores de los Orange Nassau\" height=\"1333\" width=\"2000\" \/><img loading=\"lazy\" decoding=\"async\" src=\"https:\/\/resizer.glanacion.com\/resizer\/v2\/XBA2CJHLWVDB5DF7D5DIJCS5PU.jpeg?auth=656c596ef0d1c9c5fafae70fbcc26f9aaafaa64873723f180b4b93f42066b22b&amp;smart=true&amp;width=1333&amp;height=2000\" alt=\"El artista Dan Hallman \" height=\"2000\" width=\"1333\" \/><img loading=\"lazy\" decoding=\"async\" src=\"https:\/\/resizer.glanacion.com\/resizer\/v2\/3HWPWUUXQFAYTCKKCMFXYKQHZI.jpeg?auth=8cb2aec65f255ef32e6c1c9775444a0304bd7145f6d342f8c0a6c6b40ba395e8&amp;smart=true&amp;width=1333&amp;height=2000\" alt=\"Fabi\u00e1n Perechodnik, vicepresidente de Amigos del Palacio Libertad\" height=\"2000\" width=\"1333\" \/><img loading=\"lazy\" decoding=\"async\" src=\"https:\/\/resizer.glanacion.com\/resizer\/v2\/VSYKIYGSGFGUVEFYSF2ISXJE6A.jpeg?auth=58c6c1ddd413ba0b709dfb976349e085ec282be1297dc5429bde4a3d955e2a8a&amp;smart=true&amp;width=1333&amp;height=2000\" alt=\"En su discurso, en embajador le dese\u00f3 la mejor de las suertes a la Argentina, \" height=\"2000\" width=\"1333\" \/><img loading=\"lazy\" decoding=\"async\" src=\"https:\/\/resizer.glanacion.com\/resizer\/v2\/G4HFMEWTNFD2DN375FPAL7M4GA.jpeg?auth=6ad2ca184fad567a4bf7217096a8b3fdf025983ab00006360cf2c8e5a6ced525&amp;smart=true&amp;width=2000&amp;height=1333\" alt=\"El festejo de Pa\u00edses Bajos por el D\u00eda del Rey\" height=\"1333\" width=\"2000\" \/><img loading=\"lazy\" decoding=\"async\" src=\"https:\/\/resizer.glanacion.com\/resizer\/v2\/36OYIZVYUNE5BJECI3Y6X5M3XU.jpeg?auth=f3794c17041af008e2a942afb2a55546bb830d3a1a5468f47882af0d6958f0e2&amp;smart=true&amp;width=2000&amp;height=1333\" alt=\"Bettina Bulgheroni presente en la celebraci\u00f3n\" height=\"1333\" width=\"2000\" \/><img loading=\"lazy\" decoding=\"async\" src=\"https:\/\/resizer.glanacion.com\/resizer\/v2\/65NWXJWY3VHPDC2S7Z2LJ2SZHQ.jpeg?auth=43ae2a22704c6d3f82e3aa11fab4e263e42e4445e54d584111de665145a240b1&amp;smart=true&amp;width=2000&amp;height=1333\" alt=\"El brindis de Mar\u00eda del Carmen Cerruti Carricart por el cumplea\u00f1os de su yerno, el rey Guillermo Alejandro de los Pa\u00edses Bajos\" height=\"1333\" width=\"2000\" \/><img loading=\"lazy\" decoding=\"async\" src=\"https:\/\/resizer.glanacion.com\/resizer\/v2\/2VFQAOFCFRCOZP3SGQJMGXJNZU.jpeg?auth=1f5b547476ad6a551f267a5b9e0ca67012acbaff58d6e4993ea431b8356811c9&amp;smart=true&amp;width=2000&amp;height=1333\" alt=\"Wilma Blok, Lucas du Pr\u00e9 y Nadji Bilik junto al embajador y su esposa. Las autoridades de la embajada en el festejo en el Yacht Club\" height=\"1333\" width=\"2000\" \/><img loading=\"lazy\" decoding=\"async\" src=\"https:\/\/resizer.glanacion.com\/resizer\/v2\/UKVBIRBKDJBJ3F332R3JAXLZZU.jpeg?auth=9dc7aa9852f24c706efd045f437310e6db99d78f445ce960db9e7470bf4d59eb&amp;smart=true&amp;width=1333&amp;height=2000\" alt=\"Pablo Garzonio, subsecretario de Relaciones Internacionales y Cooperaci\u00f3n Institucional de la Legislatura porte\u00f1a\" height=\"2000\" width=\"1333\" \/><img loading=\"lazy\" decoding=\"async\" src=\"https:\/\/resizer.glanacion.com\/resizer\/v2\/JK5DQGW7ZVH73M6LW5PNGTMFGU.jpeg?auth=fcf7205acc369106a0bac9bb2c11aa59060e206ede9f076aa678d29610df5b80&amp;smart=true&amp;width=2000&amp;height=1333\" alt=\"La madre de la reina M\u00e1xima a puras sonrisas junto al embajador neerland\u00e9s\" height=\"1333\" width=\"2000\" \/><img loading=\"lazy\" decoding=\"async\" src=\"https:\/\/resizer.glanacion.com\/resizer\/v2\/2TW55CZ73NFMNG3AB72RCP6FLE.jpeg?auth=2ff3562cbe8fc1b8ac051bc4e7349ae0972317c7b96e1f4119c3682b015a4707&amp;smart=true&amp;width=1333&amp;height=2000\" alt=\"El embajador Diego Guelar\" height=\"2000\" width=\"1333\" \/><img loading=\"lazy\" decoding=\"async\" src=\"https:\/\/resizer.glanacion.com\/resizer\/v2\/KHVFEV33HZBDXKZZ4FUSHZNDSY.jpeg?auth=b15be9aa8b3fb12108712ff53ad35e1c4c73cca459a369009a768c501ea67690&amp;smart=true&amp;width=1333&amp;height=2000\" alt=\"El embajador de China conversa con su par mexicana\" height=\"2000\" width=\"1333\" \/><img loading=\"lazy\" decoding=\"async\" src=\"https:\/\/resizer.glanacion.com\/resizer\/v2\/4JPEZY3RGVHDLEUZH7OXNT4FOM.jpeg?auth=d4b556e304e49aa2e4817edaf44a1c620e02260fe866751b1da8e922747b41fc&amp;smart=true&amp;width=2000&amp;height=1333\" alt=\"Alfredo Staudt, Mar\u00eda del Carmen Cerruti Carricart, Federico Braun y Dolores Paz\" height=\"1333\" width=\"2000\" \/><img loading=\"lazy\" decoding=\"async\" src=\"https:\/\/resizer.glanacion.com\/resizer\/v2\/WXCXYSTGYVBQZHXN7YDMATG5N4.jpeg?auth=0f902d241ebd3d149ffe32baf031248a95600cdfd90e929beca1698a624f4ccf&amp;smart=true&amp;width=1333&amp;height=2000\" alt=\"El festejo por el cumplea\u00f1os del rey Guillermo Alejandro en Buenos Aires \" height=\"2000\" width=\"1333\" \/><img loading=\"lazy\" decoding=\"async\" src=\"https:\/\/resizer.glanacion.com\/resizer\/v2\/QH2MGG6WH5AW3EOQ4OCFWCWCXI.jpeg?auth=3122e7a7a5027e207ca21808c6769cfa1bcf3b3b35d32157a6832bcbc1023b0e&amp;smart=true&amp;width=2000&amp;height=1333\" alt=\"Conversaciones diplom\u00e1ticas durante el festejo\" height=\"1333\" width=\"2000\" \/><img loading=\"lazy\" decoding=\"async\" src=\"https:\/\/resizer.glanacion.com\/resizer\/v2\/4BL5TBJ53JEWPDLEZLAFHPDSMQ.jpeg?auth=2c477fef4de59bd23870ffba4337b58cd8ffe07982f046ed6354a9eb694b1909&amp;smart=true&amp;width=2000&amp;height=1333\" alt=\"La celebraci\u00f3n, en Puerto Madero\" height=\"1333\" width=\"2000\" \/><img loading=\"lazy\" decoding=\"async\" src=\"https:\/\/resizer.glanacion.com\/resizer\/v2\/WNJ57UPSPFB3NF2APLVNMOK5XY.jpeg?auth=fefbc27ac6418c40421fa5610fb66666199797081f548407acead3895453663f&amp;smart=true&amp;width=1333&amp;height=2000\" alt=\"El 27 de abril, D\u00eda del Rey\" height=\"2000\" width=\"1333\" \/><img loading=\"lazy\" decoding=\"async\" src=\"https:\/\/resizer.glanacion.com\/resizer\/v2\/FFZRP4JRJJBWVDHN7GHKCY2M5Y.jpeg?auth=eb26392871846117ae79e8ce16bf14f5e2a17d9944a259cfff9c1ceaf771bdf7&amp;smart=true&amp;width=2000&amp;height=1333\" alt=\"El personal de la embajada de los Pa\u00edses Bajos en la celebraci\u00f3n por el D\u00eda del Rey en Buenos Aires\" height=\"1333\" width=\"2000\" \/><img loading=\"lazy\" decoding=\"async\" src=\"https:\/\/resizer.glanacion.com\/resizer\/v2\/SKGSZEC57FDSFI5P6B2YVVWLRM.jpeg?auth=3f32c779d8f1570ba33bd3725e4002b257883138ced2b2f706a30bfa0f407d6e&amp;smart=true&amp;width=2000&amp;height=1333\" alt=\"Durante el D\u00eda del Rey, tambi\u00e9n se record\u00f3 el aniversario de Aruba\" height=\"1333\" width=\"2000\" \/><img loading=\"lazy\" decoding=\"async\" src=\"https:\/\/resizer.glanacion.com\/resizer\/v2\/OJHGGAQWW5DRZIFUNWEO2L37G4.jpeg?auth=9dea782226328eff0e7111919825b5981c43863b076313c6887dfab8f84638e0&amp;smart=true&amp;width=1333&amp;height=2000\" alt=\"Durante el festejo, tambi\u00e9n se celebr\u00f3 el aniversario de Aruba\" height=\"2000\" width=\"1333\" \/><\/p>\n<p>\u200b<img loading=\"lazy\" decoding=\"async\" src=\"https:\/\/resizer.glanacion.com\/resizer\/v2\/KAGNXG77JZA3LOL4SLV5E5IH5Y.jpeg?auth=f94ca65d57717b88d36454ba0dc6326d9c5bf9acb816e9350c3d62d0ebcbd104&amp;smart=true&amp;width=1333&amp;height=2000\" alt=\"El embajador Mauritz Wilhelmus Verheijden, junto a su esposa, Roza Trajcevska-Verheijden\" height=\"2000\" width=\"1333\" \/><img loading=\"lazy\" decoding=\"async\" src=\"https:\/\/resizer.glanacion.com\/resizer\/v2\/H5Y7UNAPZVA5DCBV547LEDJ6P4.jpeg?auth=d0d7b3f5325ca0c798fcd01edd48531c030fb7030696e71fa687648b94c3542c&amp;smart=true&amp;width=1333&amp;height=2000\" alt=\"Bettina Bulgheroni, presidenta del Consejo Empresarial Alianza por Iberoam\u00e9rica (CEAPI) \" height=\"2000\" width=\"1333\" \/><img loading=\"lazy\" decoding=\"async\" src=\"https:\/\/resizer.glanacion.com\/resizer\/v2\/BOSXTKDK5ZB2XKYXGPPR6XXRQQ.jpeg?auth=f48f2b9b487fadacaa16b6a0d1dbbfd5ab5f1aa51d2814971546db5ae752c104&amp;smart=true&amp;width=1333&amp;height=2000\" alt=\"Mar\u00eda del Carmen Cerruti Carricart de Zorreguieta junto a su amiga Dolores Paz. La madre de la reina M\u00e1xima de los Pa\u00edses Bajos en el festejo por el cumplea\u00f1os de su yerno, el rey Guillermo Alejandro\" height=\"2000\" width=\"1333\" \/><img loading=\"lazy\" decoding=\"async\" src=\"https:\/\/resizer.glanacion.com\/resizer\/v2\/6AFATDGHINDILDRRPCVMSHKYH4.jpeg?auth=c3dcad0d19cdc419ad60b2783e45aeb3fa6f7fd5a827b6282bd662e77caef24f&amp;smart=true&amp;width=1333&amp;height=2000\" alt=\"Katherina Verheijden, la hija del embajador de Pa\u00edses Bajos, presente en el festejo\" height=\"2000\" width=\"1333\" \/><img loading=\"lazy\" decoding=\"async\" src=\"https:\/\/resizer.glanacion.com\/resizer\/v2\/LRWPBV6CLZENLB35C3KHSQ3T6M.jpeg?auth=93b7a29f6e696179cc4b5f9dcdf9ec434c55a83cf2233e05800812ab77bde2f0&amp;smart=true&amp;width=1333&amp;height=2000\" alt=\"El embajador Mauritz Wilhelmus Verheijden se acerc\u00f3 a saludar a la madre de la reina M\u00e1xima \" height=\"2000\" width=\"1333\" \/><img loading=\"lazy\" decoding=\"async\" src=\"https:\/\/resizer.glanacion.com\/resizer\/v2\/L2QM3Z5QURB7LC64BNFH6P3KD4.jpeg?auth=c09d653ba810e03b2d3e2787e22fb4d06806878e9abedaa128eb45760b7c9d0c&amp;smart=true&amp;width=1333&amp;height=2000\" alt=\"Erik H\u00f8eg, embajador de Uni\u00f3n Europea en el D\u00eda del Rey\" height=\"2000\" width=\"1333\" \/><img loading=\"lazy\" decoding=\"async\" src=\"https:\/\/resizer.glanacion.com\/resizer\/v2\/NBH676YNNJF65D263W7BTCUQ3Q.jpeg?auth=320c8c7e46d20262b0d13e38b39f823b3813a96f0c64daf9721f1e4d223aed3c&amp;smart=true&amp;width=1333&amp;height=2000\" alt=\"Heidi G\u00f3mez, ministra consejera en la embajada de los Estados Unidos\" height=\"2000\" width=\"1333\" \/><img loading=\"lazy\" decoding=\"async\" src=\"https:\/\/resizer.glanacion.com\/resizer\/v2\/NGV5LHK6BBEOTP7UBWO6ERX6GE.jpeg?auth=0c985278eeb82407789c1a792840c654b6b600fe91f09f6d2baced7a0c1fca1f&amp;smart=true&amp;width=1333&amp;height=2000\" alt=\"El embajador brit\u00e1nico, David Cairns, y su esposa, Sharon Cairns\" height=\"2000\" width=\"1333\" \/><img loading=\"lazy\" decoding=\"async\" src=\"https:\/\/resizer.glanacion.com\/resizer\/v2\/EHGW77AFKNG77E4QBX2JJKPP64.jpeg?auth=ad598b6e6f0223a8ad307dc932965a07e117e56d0e08a6da56e50dad7812b754&amp;smart=true&amp;width=1333&amp;height=2000\" alt=\"El embajador de Grecia, Efstathios Paizis Paradellis, y su esposa, Josefina Pasman de Paizis Paradellis\" height=\"2000\" width=\"1333\" \/><img loading=\"lazy\" decoding=\"async\" src=\"https:\/\/resizer.glanacion.com\/resizer\/v2\/HH6EHJKGBVBRJDQNUUNTDJX6IQ.jpeg?auth=e2cb03047a8b63f4ea9f3c53bd3550b9b1e48470621aa5b0fb58a59a7f67e06b&amp;smart=true&amp;width=1333&amp;height=2000\" alt=\"La embajadora de Finlandia, Nicola Lindertz\" height=\"2000\" width=\"1333\" \/><img loading=\"lazy\" decoding=\"async\" src=\"https:\/\/resizer.glanacion.com\/resizer\/v2\/WQSYVQ5DNZBM3KCGSFE4VA5B7E.jpeg?auth=03ec8504d6bcdc5a94b4fc1451f319a258a9dfe119c4aabc07e80e38faa5bfec&amp;smart=true&amp;width=1333&amp;height=2000\" alt=\"El embajador de Canad\u00e1, Stewart Ross Wheeler\" height=\"2000\" width=\"1333\" \/><img loading=\"lazy\" decoding=\"async\" src=\"https:\/\/resizer.glanacion.com\/resizer\/v2\/PQOIH2RBWRG63N7CJ4HKYW6CHE.jpeg?auth=877909ebd6baa90f8a5c0e10ae60a7d4359e091aca9f41b2ba31e58d152cb0c1&amp;smart=true&amp;width=1333&amp;height=2000\" alt=\"En Puerto Madero, Wei Wang, embajador de China\" height=\"2000\" width=\"1333\" \/><img loading=\"lazy\" decoding=\"async\" src=\"https:\/\/resizer.glanacion.com\/resizer\/v2\/OH4Z3L6NIJGWZFKR3GN4GJM34U.jpeg?auth=5f20a928ce6487444b15ebb81a6c2e3f139e17e136bd5be998be398b609ca8c1&amp;smart=true&amp;width=1333&amp;height=2000\" alt=\"Paula Monteserin , directora de Articulaci\u00f3n Ambiental, subsecretar\u00eda de Ambiente\" height=\"2000\" width=\"1333\" \/><img loading=\"lazy\" decoding=\"async\" src=\"https:\/\/resizer.glanacion.com\/resizer\/v2\/MEHFPKUO5BFWXHPUREE2FXPVRI.jpeg?auth=e1b42b96a0005f8ff016c9d075e92354a46dac38f05a6719c138d10cb721652a&amp;smart=true&amp;width=2000&amp;height=1333\" alt=\"Los preparativos para la fiesta por el cumplea\u00f1os del Rey\" height=\"1333\" width=\"2000\" \/><img loading=\"lazy\" decoding=\"async\" src=\"https:\/\/resizer.glanacion.com\/resizer\/v2\/4KO2ZXOT3RFIHPVP7PZIK3FFV4.jpeg?auth=d09051a223289ebd3c3ac167063ff88c24f51d1ff216b155f6f9a32f31e13b65&amp;smart=true&amp;width=1333&amp;height=2000\" alt=\"La ministra consejera de la embajada de los Pa\u00edses Bajos, Nadji Bilik\" height=\"2000\" width=\"1333\" \/><img loading=\"lazy\" decoding=\"async\" src=\"https:\/\/resizer.glanacion.com\/resizer\/v2\/PB7W4ONOOBCSFF7VRYDV7RPKPI.jpeg?auth=03db9798cbb0a1ef65fa36e988068fe0751cbf4eb665116457c90e2cd427e51c&amp;smart=true&amp;width=1333&amp;height=2000\" alt=\"Fares Yassir, embajador de Marruecos\" height=\"2000\" width=\"1333\" \/><img loading=\"lazy\" decoding=\"async\" src=\"https:\/\/resizer.glanacion.com\/resizer\/v2\/UCKHVMLG6BCOJHSZBV3H35WN54.jpeg?auth=9213010051d696bf7cbac34e9622f96b48942c9e5b87443caed775f21a268533&amp;smart=true&amp;width=1333&amp;height=2000\" alt=\"Federico Braun y Alfredo Staudt\" height=\"2000\" width=\"1333\" \/><img loading=\"lazy\" decoding=\"async\" src=\"https:\/\/resizer.glanacion.com\/resizer\/v2\/IKHZPDVJ2BE7ZBDJCOZEACMVW4.jpeg?auth=251e46068f02f2c6079b3c33941fdebe16deeb306be7aea4e51ae830aa54031c&amp;smart=true&amp;width=1333&amp;height=2000\" alt=\"El embajador de Corea, Yongsoo Lee\" height=\"2000\" width=\"1333\" \/><img loading=\"lazy\" decoding=\"async\" src=\"https:\/\/resizer.glanacion.com\/resizer\/v2\/NCL74TIPBBA63PVRIWNXKRTVCM.jpeg?auth=e148b8e3e04417d96ab221297fd4809c1efbae1a0d10ba133c1faed442cadfe1&amp;smart=true&amp;width=1333&amp;height=2000\" alt=\"El festejo por el D\u00eda del Rey \" height=\"2000\" width=\"1333\" \/><img loading=\"lazy\" decoding=\"async\" src=\"https:\/\/resizer.glanacion.com\/resizer\/v2\/CTDWMNWYSVHMLNGV5BZYG7ICN4.jpeg?auth=2ee36f5e120afe693f5be18b32e330cc33782ba3482ec5dc8fb43a03b218a01d&amp;smart=true&amp;width=1333&amp;height=2000\" alt=\"En el festejo se entonaron los tres himnos: el argentino, el neerland\u00e9s y el de Uni\u00f3n Europea\" height=\"2000\" width=\"1333\" \/><img loading=\"lazy\" decoding=\"async\" src=\"https:\/\/resizer.glanacion.com\/resizer\/v2\/BVB53OFXFVDWHBSP4BO3IK4U7U.jpeg?auth=c88262284e6386081ff7f950d2cb2f5248cb9b53776db6b867923aff78b0b1e8&amp;smart=true&amp;width=1333&amp;height=2000\" alt=\"La embajadora de Paraguay, Helena Felip Salazar\" height=\"2000\" width=\"1333\" \/><img loading=\"lazy\" decoding=\"async\" src=\"https:\/\/resizer.glanacion.com\/resizer\/v2\/TVVANQ7XZNAV5JUZ6QJ6RJIEEI.jpeg?auth=f6e74c2e911e8952d5a5ef471f01b7dfa59fa78a60f8b1b6fc064a693a591d28&amp;smart=true&amp;width=2000&amp;height=1333\" alt=\"La llegada de los invitados\" height=\"1333\" width=\"2000\" \/><img loading=\"lazy\" decoding=\"async\" src=\"https:\/\/resizer.glanacion.com\/resizer\/v2\/JVAKPTWV5NBJLNRV4P5MVYKFYA.jpeg?auth=bbe7dceaef1e67529ab9639ed6bc13269b6223e73dad06a90b4f9997c4b30162&amp;smart=true&amp;width=1333&amp;height=2000\" alt=\"La encargada de negocios de la embajada de Polonia, Bogna Ruminowicz\" height=\"2000\" width=\"1333\" \/><img loading=\"lazy\" decoding=\"async\" src=\"https:\/\/resizer.glanacion.com\/resizer\/v2\/L5J4P26VPFEUPGDZU4MMQ2VDEY.jpeg?auth=581673f37ea321ada2ec19367aa2c6021fda0749888f878359c8240f883527dc&amp;smart=true&amp;width=1333&amp;height=2000\" alt=\"Monse\u00f1os Daniele Liessi, encargado de negocios de la Nunciatura Apost\u00f3lica en Argentina\" height=\"2000\" width=\"1333\" \/><img loading=\"lazy\" decoding=\"async\" src=\"https:\/\/resizer.glanacion.com\/resizer\/v2\/N362QIYXDBGBNOIRDYPSBUDTTY.jpeg?auth=e71b1701997bec6bb65f40bc9d0be9fbd9a3280e7df3754bdedad43cf11f5168&amp;smart=true&amp;width=1333&amp;height=2000\" alt=\"Wilma Blok, jefa de Operaciones de la embajada de Pa\u00edses Bajos\" height=\"2000\" width=\"1333\" \/><img loading=\"lazy\" decoding=\"async\" src=\"https:\/\/resizer.glanacion.com\/resizer\/v2\/TKAZMIP6WRGWVGG4B3T2UDF3WY.jpeg?auth=dcc7b3d618ad9d75cf63b948e0ad90b99cbc3aedb4a7d65efd15fcb11a940bce&amp;smart=true&amp;width=1333&amp;height=2000\" alt=\"El embajador de Ucrania, Yurii Klymenko, y su esposa Zoia Klymenko. En su discurso, el embajador neerland\u00e9s ratific\u00f3 el apoyo de su pa\u00eds hacia Ucrania\" height=\"2000\" width=\"1333\" \/><img loading=\"lazy\" decoding=\"async\" src=\"https:\/\/resizer.glanacion.com\/resizer\/v2\/Q5HQOPVXKRCRHKLMP2Y6PBCDSE.jpeg?auth=4e6bbd2f74d6182d12fe53c2f0c4bff2c0246ded202bd0e10e2ef86cf86a21b0&amp;smart=true&amp;width=1333&amp;height=2000\" alt=\"Ramzi Teymurov, embajador de Azerbaiy\u00e1n, y su esposa, Konul Teymurov\" height=\"2000\" width=\"1333\" \/><img loading=\"lazy\" decoding=\"async\" src=\"https:\/\/resizer.glanacion.com\/resizer\/v2\/D4EWOXEVBRAF7KML2AB36P4QN4.jpeg?auth=c4574fc09f03fbcd8842769652d0f4453373033deb184f3c9031430995886922&amp;smart=true&amp;width=1333&amp;height=2000\" alt=\"Andr\u00e9s Das, director de la C\u00e1mara de Comercio Argentino Holandesa, recibi\u00f3 una condecoraci\u00f3n por su trabajo\" height=\"2000\" width=\"1333\" \/><img loading=\"lazy\" decoding=\"async\" src=\"https:\/\/resizer.glanacion.com\/resizer\/v2\/NFXTB47FYNEA3KJ6RD26DNH3AA.jpeg?auth=5ec0d2b91f2d18ac741ac4f793abcdde383f1721857cd7d071333ada69653e77&amp;smart=true&amp;width=1333&amp;height=2000\" alt=\"La condecoraci\u00f3n, Caballero de la Orden de Orange Nassau\" height=\"2000\" width=\"1333\" \/><img loading=\"lazy\" decoding=\"async\" src=\"https:\/\/resizer.glanacion.com\/resizer\/v2\/ZCPVXEMEAFARJOE4I2IIXWR64U.jpeg?auth=a9b181ae5c9fe49c9dd529038c6cb451f431ec0464e3beec770776741e0fad3b&amp;smart=true&amp;width=2000&amp;height=1333\" alt=\"El saludo entre Mar\u00eda del Carmen Cerruti de Zorreguieta con Norberto Frigerio, director de Relaciones Institucionales de LA NACION\" height=\"1333\" width=\"2000\" \/><img loading=\"lazy\" decoding=\"async\" src=\"https:\/\/resizer.glanacion.com\/resizer\/v2\/GRHOTS52PJBOHEWUN744G52QMI.jpeg?auth=fdd80526b51e3017336cedb3a2e24ab57d20d67a145dc69eac08e9c4428586e9&amp;smart=true&amp;width=2000&amp;height=1333\" alt=\"El festejo de Pa\u00edses Bajos reuni\u00f3 al mundo diplom\u00e1tico en Puerto Madero. Los embajadores de Gran Breta\u00f1a y de Ucrania, junto a sus esposas \" height=\"1333\" width=\"2000\" \/><img loading=\"lazy\" decoding=\"async\" src=\"https:\/\/resizer.glanacion.com\/resizer\/v2\/5LBOFWYGQNAJHMSUJNTTBEH2MM.jpeg?auth=3ca1a9b1891005d32abe5e59865cfcebb2e26492322875cdb0e633fdb9960a7a&amp;smart=true&amp;width=1333&amp;height=2000\" alt=\"Los invitados lucieron la bandera y los colores de Pa\u00edses Bajos y de la casa de Orange Nassau\" height=\"2000\" width=\"1333\" \/><img loading=\"lazy\" decoding=\"async\" src=\"https:\/\/resizer.glanacion.com\/resizer\/v2\/KTF6DOZZVRFFNAHON26KRKAZZU.jpeg?auth=69da4af7463bb6229dd3c3817937bf4905a5379d02f74bf74533820bb3ad3088&amp;smart=true&amp;width=1333&amp;height=2000\" alt=\"Las autoridades de la embajada de los Pa\u00edses Bajos reciben a la embajadora de M\u00e9xico, Lilia Rossbach Su\u00e1rez\" height=\"2000\" width=\"1333\" \/><img loading=\"lazy\" decoding=\"async\" src=\"https:\/\/resizer.glanacion.com\/resizer\/v2\/DNN32GUOONCCVFAWRHAJFTJB5Y.jpeg?auth=1bcdd8926e4cfdc77e0d70f2add85b1d3c805078045ebd3a72fe026a73617d60&amp;smart=true&amp;width=2000&amp;height=1333\" alt=\"El D\u00eda del Rey en el Yacht Club Puerto Madero\" height=\"1333\" width=\"2000\" \/><img loading=\"lazy\" decoding=\"async\" src=\"https:\/\/resizer.glanacion.com\/resizer\/v2\/DTSCQIZU7RCVHALNZT6UVRREDQ.jpeg?auth=a061a783e9852f365d41ed8e988886521083fe83e9388c563ce85d1fe3fedc34&amp;smart=true&amp;width=1333&amp;height=2000\" alt=\"El ministro de la embajada de Alemania, Peter Neven\" height=\"2000\" width=\"1333\" \/><img loading=\"lazy\" decoding=\"async\" src=\"https:\/\/resizer.glanacion.com\/resizer\/v2\/HYLCLG2Z25CFTEVAFJIWJO5PKI.jpeg?auth=c01a4227261f2170078d1f7dac6054a4b2d5f20e1524dcdc1dba122ccf7b0421&amp;smart=true&amp;width=1333&amp;height=2000\" alt=\"La legisladora porte\u00f1a Patricia Glize\" height=\"2000\" width=\"1333\" \/><img loading=\"lazy\" decoding=\"async\" src=\"https:\/\/resizer.glanacion.com\/resizer\/v2\/OT2VO72VOBCF5JVC3A4MX5GHGE.jpeg?auth=993182a5733fbed1862e1dac831d264a694ff3d32cd2b83aa8e1f6f4d2b73abe&amp;smart=true&amp;width=2000&amp;height=1333\" alt=\"El Yacht Club fue ambientado acorde a los colores de los Orange Nassau\" height=\"1333\" width=\"2000\" \/><img loading=\"lazy\" decoding=\"async\" src=\"https:\/\/resizer.glanacion.com\/resizer\/v2\/XBA2CJHLWVDB5DF7D5DIJCS5PU.jpeg?auth=656c596ef0d1c9c5fafae70fbcc26f9aaafaa64873723f180b4b93f42066b22b&amp;smart=true&amp;width=1333&amp;height=2000\" alt=\"El artista Dan Hallman \" height=\"2000\" width=\"1333\" \/><img loading=\"lazy\" decoding=\"async\" src=\"https:\/\/resizer.glanacion.com\/resizer\/v2\/3HWPWUUXQFAYTCKKCMFXYKQHZI.jpeg?auth=8cb2aec65f255ef32e6c1c9775444a0304bd7145f6d342f8c0a6c6b40ba395e8&amp;smart=true&amp;width=1333&amp;height=2000\" alt=\"Fabi\u00e1n Perechodnik, vicepresidente de Amigos del Palacio Libertad\" height=\"2000\" width=\"1333\" \/><img loading=\"lazy\" decoding=\"async\" src=\"https:\/\/resizer.glanacion.com\/resizer\/v2\/VSYKIYGSGFGUVEFYSF2ISXJE6A.jpeg?auth=58c6c1ddd413ba0b709dfb976349e085ec282be1297dc5429bde4a3d955e2a8a&amp;smart=true&amp;width=1333&amp;height=2000\" alt=\"En su discurso, en embajador le dese\u00f3 la mejor de las suertes a la Argentina, \" height=\"2000\" width=\"1333\" \/><img loading=\"lazy\" decoding=\"async\" src=\"https:\/\/resizer.glanacion.com\/resizer\/v2\/G4HFMEWTNFD2DN375FPAL7M4GA.jpeg?auth=6ad2ca184fad567a4bf7217096a8b3fdf025983ab00006360cf2c8e5a6ced525&amp;smart=true&amp;width=2000&amp;height=1333\" alt=\"El festejo de Pa\u00edses Bajos por el D\u00eda del Rey\" height=\"1333\" width=\"2000\" \/><img loading=\"lazy\" decoding=\"async\" src=\"https:\/\/resizer.glanacion.com\/resizer\/v2\/36OYIZVYUNE5BJECI3Y6X5M3XU.jpeg?auth=f3794c17041af008e2a942afb2a55546bb830d3a1a5468f47882af0d6958f0e2&amp;smart=true&amp;width=2000&amp;height=1333\" alt=\"Bettina Bulgheroni presente en la celebraci\u00f3n\" height=\"1333\" width=\"2000\" \/><img loading=\"lazy\" decoding=\"async\" src=\"https:\/\/resizer.glanacion.com\/resizer\/v2\/65NWXJWY3VHPDC2S7Z2LJ2SZHQ.jpeg?auth=43ae2a22704c6d3f82e3aa11fab4e263e42e4445e54d584111de665145a240b1&amp;smart=true&amp;width=2000&amp;height=1333\" alt=\"El brindis de Mar\u00eda del Carmen Cerruti Carricart por el cumplea\u00f1os de su yerno, el rey Guillermo Alejandro de los Pa\u00edses Bajos\" height=\"1333\" width=\"2000\" \/><img loading=\"lazy\" decoding=\"async\" src=\"https:\/\/resizer.glanacion.com\/resizer\/v2\/2VFQAOFCFRCOZP3SGQJMGXJNZU.jpeg?auth=1f5b547476ad6a551f267a5b9e0ca67012acbaff58d6e4993ea431b8356811c9&amp;smart=true&amp;width=2000&amp;height=1333\" alt=\"Wilma Blok, Lucas du Pr\u00e9 y Nadji Bilik junto al embajador y su esposa. Las autoridades de la embajada en el festejo en el Yacht Club\" height=\"1333\" width=\"2000\" \/><img loading=\"lazy\" decoding=\"async\" src=\"https:\/\/resizer.glanacion.com\/resizer\/v2\/UKVBIRBKDJBJ3F332R3JAXLZZU.jpeg?auth=9dc7aa9852f24c706efd045f437310e6db99d78f445ce960db9e7470bf4d59eb&amp;smart=true&amp;width=1333&amp;height=2000\" alt=\"Pablo Garzonio, subsecretario de Relaciones Internacionales y Cooperaci\u00f3n Institucional de la Legislatura porte\u00f1a\" height=\"2000\" width=\"1333\" \/><img loading=\"lazy\" decoding=\"async\" src=\"https:\/\/resizer.glanacion.com\/resizer\/v2\/JK5DQGW7ZVH73M6LW5PNGTMFGU.jpeg?auth=fcf7205acc369106a0bac9bb2c11aa59060e206ede9f076aa678d29610df5b80&amp;smart=true&amp;width=2000&amp;height=1333\" alt=\"La madre de la reina M\u00e1xima a puras sonrisas junto al embajador neerland\u00e9s\" height=\"1333\" width=\"2000\" \/><img loading=\"lazy\" decoding=\"async\" src=\"https:\/\/resizer.glanacion.com\/resizer\/v2\/2TW55CZ73NFMNG3AB72RCP6FLE.jpeg?auth=2ff3562cbe8fc1b8ac051bc4e7349ae0972317c7b96e1f4119c3682b015a4707&amp;smart=true&amp;width=1333&amp;height=2000\" alt=\"El embajador Diego Guelar\" height=\"2000\" width=\"1333\" \/><img loading=\"lazy\" decoding=\"async\" src=\"https:\/\/resizer.glanacion.com\/resizer\/v2\/KHVFEV33HZBDXKZZ4FUSHZNDSY.jpeg?auth=b15be9aa8b3fb12108712ff53ad35e1c4c73cca459a369009a768c501ea67690&amp;smart=true&amp;width=1333&amp;height=2000\" alt=\"El embajador de China conversa con su par mexicana\" height=\"2000\" width=\"1333\" \/><img loading=\"lazy\" decoding=\"async\" src=\"https:\/\/resizer.glanacion.com\/resizer\/v2\/4JPEZY3RGVHDLEUZH7OXNT4FOM.jpeg?auth=d4b556e304e49aa2e4817edaf44a1c620e02260fe866751b1da8e922747b41fc&amp;smart=true&amp;width=2000&amp;height=1333\" alt=\"Alfredo Staudt, Mar\u00eda del Carmen Cerruti Carricart, Federico Braun y Dolores Paz\" height=\"1333\" width=\"2000\" \/><img loading=\"lazy\" decoding=\"async\" src=\"https:\/\/resizer.glanacion.com\/resizer\/v2\/WXCXYSTGYVBQZHXN7YDMATG5N4.jpeg?auth=0f902d241ebd3d149ffe32baf031248a95600cdfd90e929beca1698a624f4ccf&amp;smart=true&amp;width=1333&amp;height=2000\" alt=\"El festejo por el cumplea\u00f1os del rey Guillermo Alejandro en Buenos Aires \" height=\"2000\" width=\"1333\" \/><img loading=\"lazy\" decoding=\"async\" src=\"https:\/\/resizer.glanacion.com\/resizer\/v2\/QH2MGG6WH5AW3EOQ4OCFWCWCXI.jpeg?auth=3122e7a7a5027e207ca21808c6769cfa1bcf3b3b35d32157a6832bcbc1023b0e&amp;smart=true&amp;width=2000&amp;height=1333\" alt=\"Conversaciones diplom\u00e1ticas durante el festejo\" height=\"1333\" width=\"2000\" \/><img loading=\"lazy\" decoding=\"async\" src=\"https:\/\/resizer.glanacion.com\/resizer\/v2\/4BL5TBJ53JEWPDLEZLAFHPDSMQ.jpeg?auth=2c477fef4de59bd23870ffba4337b58cd8ffe07982f046ed6354a9eb694b1909&amp;smart=true&amp;width=2000&amp;height=1333\" alt=\"La celebraci\u00f3n, en Puerto Madero\" height=\"1333\" width=\"2000\" \/><img loading=\"lazy\" decoding=\"async\" src=\"https:\/\/resizer.glanacion.com\/resizer\/v2\/WNJ57UPSPFB3NF2APLVNMOK5XY.jpeg?auth=fefbc27ac6418c40421fa5610fb66666199797081f548407acead3895453663f&amp;smart=true&amp;width=1333&amp;height=2000\" alt=\"El 27 de abril, D\u00eda del Rey\" height=\"2000\" width=\"1333\" \/><img loading=\"lazy\" decoding=\"async\" src=\"https:\/\/resizer.glanacion.com\/resizer\/v2\/FFZRP4JRJJBWVDHN7GHKCY2M5Y.jpeg?auth=eb26392871846117ae79e8ce16bf14f5e2a17d9944a259cfff9c1ceaf771bdf7&amp;smart=true&amp;width=2000&amp;height=1333\" alt=\"El personal de la embajada de los Pa\u00edses Bajos en la celebraci\u00f3n por el D\u00eda del Rey en Buenos Aires\" height=\"1333\" width=\"2000\" \/><img loading=\"lazy\" decoding=\"async\" src=\"https:\/\/resizer.glanacion.com\/resizer\/v2\/SKGSZEC57FDSFI5P6B2YVVWLRM.jpeg?auth=3f32c779d8f1570ba33bd3725e4002b257883138ced2b2f706a30bfa0f407d6e&amp;smart=true&amp;width=2000&amp;height=1333\" alt=\"Durante el D\u00eda del Rey, tambi\u00e9n se record\u00f3 el aniversario de Aruba\" height=\"1333\" width=\"2000\" \/><img loading=\"lazy\" decoding=\"async\" src=\"https:\/\/resizer.glanacion.com\/resizer\/v2\/OJHGGAQWW5DRZIFUNWEO2L37G4.jpeg?auth=9dea782226328eff0e7111919825b5981c43863b076313c6887dfab8f84638e0&amp;smart=true&amp;width=1333&amp;height=2000\" alt=\"Durante el festejo, tambi\u00e9n se celebr\u00f3 el aniversario de Aruba\" height=\"2000\" width=\"1333\" \/>\u00a0En el Yacht Club, el embajador de los Pa\u00edses Bajos celebr\u00f3 el cumplea\u00f1os de rey Guillermo Alejandro\u00a0\u00a0LA NACION<\/p>","protected":false},"excerpt":{"rendered":"<p>\u200b\u00a0En el Yacht Club, el embajador de los Pa\u00edses Bajos celebr\u00f3 el cumplea\u00f1os de rey Guillermo Alejandro\u00a0\u00a0LA NACION<\/p>\n","protected":false},"author":1,"featured_media":243311,"comment_status":"","ping_status":"open","sticky":false,"template":"","format":"standard","meta":{"footnotes":""},"categories":[38,10],"tags":[],"class_list":["post-243310","post","type-post","status-publish","format-standard","has-post-thumbnail","hentry","category-nacionales","category-ultimasnoticias"],"_links":{"self":[{"href":"http:\/\/enlace24.com\/web\/wp-json\/wp\/v2\/posts\/243310","targetHints":{"allow":["GET"]}}],"collection":[{"href":"http:\/\/enlace24.com\/web\/wp-json\/wp\/v2\/posts"}],"about":[{"href":"http:\/\/enlace24.com\/web\/wp-json\/wp\/v2\/types\/post"}],"author":[{"embeddable":true,"href":"http:\/\/enlace24.com\/web\/wp-json\/wp\/v2\/users\/1"}],"replies":[{"embeddable":true,"href":"http:\/\/enlace24.com\/web\/wp-json\/wp\/v2\/comments?post=243310"}],"version-history":[{"count":0,"href":"http:\/\/enlace24.com\/web\/wp-json\/wp\/v2\/posts\/243310\/revisions"}],"wp:featuredmedia":[{"embeddable":true,"href":"http:\/\/enlace24.com\/web\/wp-json\/wp\/v2\/media\/243311"}],"wp:attachment":[{"href":"http:\/\/enlace24.com\/web\/wp-json\/wp\/v2\/media?parent=243310"}],"wp:term":[{"taxonomy":"category","embeddable":true,"href":"http:\/\/enlace24.com\/web\/wp-json\/wp\/v2\/categories?post=243310"},{"taxonomy":"post_tag","embeddable":true,"href":"http:\/\/enlace24.com\/web\/wp-json\/wp\/v2\/tags?post=243310"}],"curies":[{"name":"wp","href":"https:\/\/api.w.org\/{rel}","templated":true}]}}