{"id":243296,"date":"2026-04-27T21:28:16","date_gmt":"2026-04-27T21:28:16","guid":{"rendered":"https:\/\/enlace24.com\/web\/2026\/04\/27\/los-estudiantes-de-comodoro-festejaron-el-dia-mundial-de-la-actividad-fisica\/"},"modified":"2026-04-27T21:28:16","modified_gmt":"2026-04-27T21:28:16","slug":"los-estudiantes-de-comodoro-festejaron-el-dia-mundial-de-la-actividad-fisica","status":"publish","type":"post","link":"http:\/\/enlace24.com\/web\/2026\/04\/27\/los-estudiantes-de-comodoro-festejaron-el-dia-mundial-de-la-actividad-fisica\/","title":{"rendered":"Los estudiantes de Comodoro festejaron el D\u00eda Mundial de la Actividad F\u00edsica"},"content":{"rendered":"<figure>\n                        <img decoding=\"async\" src=\"https:\/\/diariocronica-s3.cdn.net.ar\/s3i233\/2026\/04\/diariocronica\/images\/02\/57\/14\/2571438_ba1113e039b2405e08d3a3cf3d38887ce30c46c74abc956f6127d428daf4cfbd\/md.webp\" alt=\"\" class=\"type:primaryImage\" \/><figcaption>El festejo del D\u00eda Mundial de la Actividad F\u00edsica tuvo la participaci\u00f3n de 1626 estudiantes en Comodoro Rivadavia.<\/figcaption><\/figure>\n<p>\u200b<\/p>\n<figure>\n                        <img decoding=\"async\" src=\"https:\/\/diariocronica-s3.cdn.net.ar\/s3i233\/2026\/04\/diariocronica\/images\/02\/57\/14\/2571438_ba1113e039b2405e08d3a3cf3d38887ce30c46c74abc956f6127d428daf4cfbd\/md.webp\" alt=\"\" class=\"type:primaryImage\" \/><figcaption>El festejo del D\u00eda Mundial de la Actividad F\u00edsica tuvo la participaci\u00f3n de 1626 estudiantes en Comodoro Rivadavia.<\/figcaption><\/figure>\n<p>\u00a0Con la participaci\u00f3n de 1626 estudiantes pertenecientes a sexto grado de primaria y primer a\u00f1o de secundario, culminaron con \u00e9xito las Jornadas \u201cPara Vivir con Salud Movete\u201d en conmemoraci\u00f3n al D\u00eda Mundial de la Actividad F\u00edsica. Las mismas fueron realizadas los d\u00edas 22, 23 y 24 de abril en Comodoro Rivadavia y Rada Tilly.\u00a0\u00a0<a href=\"https:\/\/www.diariocronica.com.ar\/noticias\/2026\/04\/27\/139536-los-estudiantes-de-comodoro-festejaron-el-dia-mundial-de-la-actividad-fisica\" target=\"_blank\" class=\"feedzy-rss-link-icon\">Leer m\u00e1s<\/a><\/p>","protected":false},"excerpt":{"rendered":"<p>El festejo del D\u00eda Mundial de la Actividad F\u00edsica tuvo la participaci\u00f3n de 1626 estudiantes en Comodoro Rivadavia. \u200b El festejo del D\u00eda Mundial de la Actividad F\u00edsica tuvo la participaci\u00f3n de 1626 estudiantes en Comodoro Rivadavia. \u00a0Con la participaci\u00f3n de 1626 estudiantes pertenecientes a sexto grado de primaria y primer a\u00f1o de secundario, culminaron &hellip;<\/p>\n","protected":false},"author":1,"featured_media":243297,"comment_status":"","ping_status":"open","sticky":false,"template":"","format":"standard","meta":{"footnotes":""},"categories":[28,10],"tags":[],"class_list":["post-243296","post","type-post","status-publish","format-standard","has-post-thumbnail","hentry","category-deporte","category-ultimasnoticias"],"_links":{"self":[{"href":"http:\/\/enlace24.com\/web\/wp-json\/wp\/v2\/posts\/243296","targetHints":{"allow":["GET"]}}],"collection":[{"href":"http:\/\/enlace24.com\/web\/wp-json\/wp\/v2\/posts"}],"about":[{"href":"http:\/\/enlace24.com\/web\/wp-json\/wp\/v2\/types\/post"}],"author":[{"embeddable":true,"href":"http:\/\/enlace24.com\/web\/wp-json\/wp\/v2\/users\/1"}],"replies":[{"embeddable":true,"href":"http:\/\/enlace24.com\/web\/wp-json\/wp\/v2\/comments?post=243296"}],"version-history":[{"count":0,"href":"http:\/\/enlace24.com\/web\/wp-json\/wp\/v2\/posts\/243296\/revisions"}],"wp:featuredmedia":[{"embeddable":true,"href":"http:\/\/enlace24.com\/web\/wp-json\/wp\/v2\/media\/243297"}],"wp:attachment":[{"href":"http:\/\/enlace24.com\/web\/wp-json\/wp\/v2\/media?parent=243296"}],"wp:term":[{"taxonomy":"category","embeddable":true,"href":"http:\/\/enlace24.com\/web\/wp-json\/wp\/v2\/categories?post=243296"},{"taxonomy":"post_tag","embeddable":true,"href":"http:\/\/enlace24.com\/web\/wp-json\/wp\/v2\/tags?post=243296"}],"curies":[{"name":"wp","href":"https:\/\/api.w.org\/{rel}","templated":true}]}}