{"id":243212,"date":"2026-04-27T16:26:00","date_gmt":"2026-04-27T16:26:00","guid":{"rendered":"http:\/\/enlace24.com\/web\/2026\/04\/27\/agenda-austral-informacion-las-24-hsbombazo-mundial-aseguran-que-real-madrid-se-contacto-con-scaloni-que-habia-dicho-el-dt-sobre-su-futuro\/"},"modified":"2026-04-27T16:26:00","modified_gmt":"2026-04-27T16:26:00","slug":"agenda-austral-informacion-las-24-hsbombazo-mundial-aseguran-que-real-madrid-se-contacto-con-scaloni-que-habia-dicho-el-dt-sobre-su-futuro","status":"publish","type":"post","link":"http:\/\/enlace24.com\/web\/2026\/04\/27\/agenda-austral-informacion-las-24-hsbombazo-mundial-aseguran-que-real-madrid-se-contacto-con-scaloni-que-habia-dicho-el-dt-sobre-su-futuro\/","title":{"rendered":"AGENDA AUSTRAL ::::: Informaci\u00f3n las 24 Hs\u200b\u00a1Bombazo Mundial! Aseguran que Real Madrid se contact\u00f3 con Scaloni: qu\u00e9 hab\u00eda dicho el DT sobre su futuro\u00a0"},"content":{"rendered":"<p>En Espa\u00f1a aseguran que \u00c1lvaro Arbeloa no seguir\u00e1 en el gigante espa\u00f1ol la pr\u00f3xima temporada y ya hubo charlas con Lionel Scaloni para tantear su situaci\u00f3n. \u200bEn Espa\u00f1a aseguran que \u00c1lvaro Arbeloa no seguir\u00e1 en el gigante espa\u00f1ol la pr\u00f3xima temporada y ya hubo charlas con Lionel Scaloni para tantear su situaci\u00f3n.\u00a0En Espa\u00f1a aseguran que\u00a0\u00a0<\/p>\n<p>\u200b<img loading=\"lazy\" decoding=\"async\" width=\"150\" height=\"150\" src=\"https:\/\/agendaaustral.com\/web\/wp-content\/uploads\/2026\/04\/lionel-scaloni-2-v1S9rm-150x150.jpg\" class=\"attachment-thumbnail size-thumbnail wp-post-image\" alt=\"\" \/><\/p>\n<p>En Espa\u00f1a aseguran que \u00c1lvaro Arbeloa no seguir\u00e1 en el gigante espa\u00f1ol la pr\u00f3xima temporada y ya hubo charlas con Lionel Scaloni para tantear su situaci\u00f3n.<\/p>\n<p>\u200bEn Espa\u00f1a aseguran que \u00c1lvaro Arbeloa no seguir\u00e1 en el gigante espa\u00f1ol la pr\u00f3xima temporada y ya hubo charlas con Lionel Scaloni para tantear su situaci\u00f3n.\u00a0En Espa\u00f1a aseguran que \u00c1lvaro Arbeloa no seguir\u00e1 en el gigante espa\u00f1ol la pr\u00f3xima temporada y ya hubo charlas con Lionel Scaloni para tantear su situaci\u00f3n.\u00a0\u00a0<\/p>\n<p>\u00a0<\/p>","protected":false},"excerpt":{"rendered":"<p>En Espa\u00f1a aseguran que \u00c1lvaro Arbeloa no seguir\u00e1 en el gigante espa\u00f1ol la pr\u00f3xima temporada y ya hubo charlas con Lionel Scaloni para tantear su situaci\u00f3n. \u200bEn Espa\u00f1a aseguran que \u00c1lvaro Arbeloa no seguir\u00e1 en el gigante espa\u00f1ol la pr\u00f3xima temporada y ya hubo charlas con Lionel Scaloni para tantear su situaci\u00f3n.\u00a0En Espa\u00f1a aseguran que\u00a0\u00a0 &hellip;<\/p>\n","protected":false},"author":1,"featured_media":243213,"comment_status":"","ping_status":"open","sticky":false,"template":"","format":"standard","meta":{"footnotes":""},"categories":[1185,10],"tags":[],"class_list":["post-243212","post","type-post","status-publish","format-standard","has-post-thumbnail","hentry","category-patagonia","category-ultimasnoticias"],"_links":{"self":[{"href":"http:\/\/enlace24.com\/web\/wp-json\/wp\/v2\/posts\/243212","targetHints":{"allow":["GET"]}}],"collection":[{"href":"http:\/\/enlace24.com\/web\/wp-json\/wp\/v2\/posts"}],"about":[{"href":"http:\/\/enlace24.com\/web\/wp-json\/wp\/v2\/types\/post"}],"author":[{"embeddable":true,"href":"http:\/\/enlace24.com\/web\/wp-json\/wp\/v2\/users\/1"}],"replies":[{"embeddable":true,"href":"http:\/\/enlace24.com\/web\/wp-json\/wp\/v2\/comments?post=243212"}],"version-history":[{"count":0,"href":"http:\/\/enlace24.com\/web\/wp-json\/wp\/v2\/posts\/243212\/revisions"}],"wp:featuredmedia":[{"embeddable":true,"href":"http:\/\/enlace24.com\/web\/wp-json\/wp\/v2\/media\/243213"}],"wp:attachment":[{"href":"http:\/\/enlace24.com\/web\/wp-json\/wp\/v2\/media?parent=243212"}],"wp:term":[{"taxonomy":"category","embeddable":true,"href":"http:\/\/enlace24.com\/web\/wp-json\/wp\/v2\/categories?post=243212"},{"taxonomy":"post_tag","embeddable":true,"href":"http:\/\/enlace24.com\/web\/wp-json\/wp\/v2\/tags?post=243212"}],"curies":[{"name":"wp","href":"https:\/\/api.w.org\/{rel}","templated":true}]}}