{"id":243194,"date":"2026-04-27T14:29:43","date_gmt":"2026-04-27T14:29:43","guid":{"rendered":"http:\/\/enlace24.com\/web\/2026\/04\/27\/retiro-se-transforma-para-siempre-nuevos-espacios-hub-de-transporte-y-mas-comercios-segun-el-ultimo-plan\/"},"modified":"2026-04-27T14:29:43","modified_gmt":"2026-04-27T14:29:43","slug":"retiro-se-transforma-para-siempre-nuevos-espacios-hub-de-transporte-y-mas-comercios-segun-el-ultimo-plan","status":"publish","type":"post","link":"http:\/\/enlace24.com\/web\/2026\/04\/27\/retiro-se-transforma-para-siempre-nuevos-espacios-hub-de-transporte-y-mas-comercios-segun-el-ultimo-plan\/","title":{"rendered":"Retiro se transforma para siempre: nuevos espacios, hub de transporte y m\u00e1s comercios, seg\u00fan el \u00faltimo plan"},"content":{"rendered":"<p><a href=\"https:\/\/www.lanacion.com.ar\/economia\/el-gobierno-convoca-una-licitacion-privada-para-remodelar-la-terminal-de-retiro-nid24042026\/\" target=\"_blank\" rel=\"noreferrer\" title=\"https:\/\/www.lanacion.com.ar\/economia\/el-gobierno-convoca-una-licitacion-privada-para-remodelar-la-terminal-de-retiro-nid24042026\/\">El gobierno nacional llam\u00f3 a una <b>licitaci\u00f3n privada <\/b>para remodelar de forma integral la<b> terminal de \u00f3mnibus de Retiro<\/b><\/a>,<b> <\/b>la m\u00e1s importante de transporte automotor de pasajeros donde circulan entre 10 y 12 millones de pasajeros al a\u00f1o. De esa forma, se declar\u00f3 la iniciativa de \u201c<b>inter\u00e9s p\u00fablico<\/b>\u201d y promete modernizarla al incluir <b>nuevos espacios, <\/b><i><b>hub <\/b><\/i><b>de transporte y m\u00e1s comercios<\/b>. <\/p>\n<p>El <a href=\"https:\/\/www.boletinoficial.gob.ar\/detalleAviso\/primera\/341112\/20260424?busqueda=2\" rel=\"\" title=\"https:\/\/www.boletinoficial.gob.ar\/detalleAviso\/primera\/341112\/20260424?busqueda=2\">decreto 273\/2026<\/a>, publicado en el Bolet\u00edn Oficial el pasado viernes 24 de abril, considera que el proyecto consiste en \u201c<b>una renovaci\u00f3n integral y una ampliaci\u00f3n estrat\u00e9gica de la Estaci\u00f3n Terminal de \u00d3mnibus Retiro (ETOR)<\/b>, con la finalidad de transformarla en un <b>polo intermodal eficiente, accesible y contempor\u00e1neo<\/b>\u201d. Se trata de una \u201creconfiguraci\u00f3n funcional y program\u00e1tica\u201d que consiste incluye la \u201cincorporaci\u00f3n de nuevas actividades y servicios orientados a optimizar el rendimiento operativo, mejorar sustancialmente la experiencia del usuario y fortalecer la inserci\u00f3n urbana del conjunto\u201d.<\/p>\n<p><img loading=\"lazy\" decoding=\"async\" src=\"https:\/\/resizer.glanacion.com\/resizer\/v2\/FCXWTWM2MRCHPAZTC6ZKMBHQO4.JPG?auth=a1c8d29f76c8d23d37401f4fb1c1cd0bfc9023758f00098f4db4d880afecfdd8&amp;smart=true&amp;width=2000&amp;height=1333\" alt=\"El Gobierno llam\u00f3 a una lictaci\u00f3n para renovar la terminal de \u00f3mnibus de Retiro\" height=\"1333\" width=\"2000\" \/><\/p>\n<p>\u201cEl proyecto busca reposicionar a la terminal como <b>un nodo clave dentro del sistema metropolitano y nacional de transporte<\/b>, promoviendo la integraci\u00f3n de distintos medios de movilidad y consolidando una plataforma urbana de usos m\u00faltiples que dinamice el \u00e1rea desde el punto de vista econ\u00f3mico, social y cultural, a trav\u00e9s de la <b>modernizaci\u00f3n de su infraestructura y de garantizar est\u00e1ndares de accesibilidad universal y sostenibilidad<\/b>\u201d, detalla la normativa en sus considerandos.<\/p>\n<p>Las obras previstas incluyen el <b>reacondicionamiento, la modernizaci\u00f3n y la ampliaci\u00f3n de la terminal<\/b>, junto con la <b>optimizaci\u00f3n de los servicios de administraci\u00f3n, mantenimiento y operaci\u00f3n<\/b>. A su vez, se contempla el desarrollo de <b>espacios complementarios<\/b> a definirse en el proceso licitatorio.<\/p>\n<p>Adem\u00e1s de la mejora en las condiciones operativas, el proyecto tendr\u00e1 un impacto positivo en el entorno urbano, puesto que podr\u00e1 contribuir al ordenamiento del tr\u00e1nsito y a la generaci\u00f3n de nuevas alternativas de circulaci\u00f3n en una de las zonas m\u00e1s din\u00e1micas de la Ciudad. Asimismo, se prev\u00e9 un <b>incremento significativo en los ingresos p\u00fablicos<\/b>.<\/p>\n<p>La medida busca modernizar por completo la concesi\u00f3n de la terminal m\u00e1s importante de transporte automotor de pasajeros bajo un esquema de concesi\u00f3n con <b>financiamiento 100% privado<\/b>. En ese sentido, se present\u00f3 el plan de renovaci\u00f3n de la terminal de Retiro a cuatro empresas para participar de la licitaci\u00f3n: <b>Inverlat Investment, <\/b>la compa\u00f1\u00eda due\u00f1a de <b>Havanna<\/b>; Service Trade, del grupo inmobiliario Narv\u00e1ez, especializados en remates; Inversiones Peirod, de dos empresarios, Javier Peire y Mat\u00edas Rodr\u00edguez; y BV Investment. De esta manera, <b>se pone fin a una concesi\u00f3n otorgada en 1993, actualmente vencida, a cargo de la empresa TEBA S.A.<\/b>, de N\u00e9stor Otero.<\/p>\n<p>El llamado p\u00fablico contempla <b>ampliar su infraestructura, modernizar los accesos y sistemas de seguridad<\/b>. Tambi\u00e9n se les ofrece que administren la terminal, exploten comercialmente \u00e1reas rentables y sumen servicios complementarios.<\/p>\n<p><img loading=\"lazy\" decoding=\"async\" src=\"https:\/\/resizer.glanacion.com\/resizer\/v2\/4E2MZ4WZPVGGPLXMLXNTGWTOBY.png?auth=9f31ebd81a57888b6ba1ebcdf43fcfef4a23455648e15bda86e60bf554a51013&amp;smart=true&amp;width=602&amp;height=582\" alt=\"El mensaje de Luis Caputo sobre la modernizaci\u00f3n de la terminal de Retiro\" height=\"582\" width=\"602\" \/><\/p>\n<p>El decreto obliga a lanzar una <b>licitaci\u00f3n p\u00fablica en un plazo de 60 d\u00edas<\/b> para elegir al concesionario final. Las empresas impulsoras corren con ventaja por haber presentado la iniciativa, aunque <b>competir\u00e1n otros proyectos.<\/b> En tanto el decreto tambi\u00e9n remarca que el futuro concesionario deber\u00e1 <b>pagar un canon mensual al Estado<\/b>, financiar las obras, operar la terminal y explotar comercialmente los espacios.<\/p>\n<p>La propuesta de <b>Inverlat <\/b>y sus socios, que hab\u00eda sido presentada en 2025, <a href=\"https:\/\/www.lanacion.com.ar\/economia\/el-gobierno-convoca-una-licitacion-privada-para-remodelar-la-terminal-de-retiro-nid24042026\/\" target=\"_blank\" rel=\"noreferrer\" title=\"https:\/\/www.lanacion.com.ar\/economia\/el-gobierno-convoca-una-licitacion-privada-para-remodelar-la-terminal-de-retiro-nid24042026\/\">seg\u00fan inform\u00f3 entonces<b> LA NACION<\/b><\/a><b>, <\/b>solicita una <b>concesi\u00f3n de 30 a\u00f1os y propone una inversi\u00f3n estimada de US$79 millones<\/b>, con obras establecidas en cinco a\u00f1os. <b>El canon mensual ofrecido es de $100 millones mensuales <\/b>(aproximadamente US$71.500 al tipo de cambio oficial de hoy).<\/p>\n<p>\u200b<\/p>\n<p><a href=\"https:\/\/www.lanacion.com.ar\/economia\/el-gobierno-convoca-una-licitacion-privada-para-remodelar-la-terminal-de-retiro-nid24042026\/\" target=\"_blank\" rel=\"noreferrer\" title=\"https:\/\/www.lanacion.com.ar\/economia\/el-gobierno-convoca-una-licitacion-privada-para-remodelar-la-terminal-de-retiro-nid24042026\/\">El gobierno nacional llam\u00f3 a una <b>licitaci\u00f3n privada <\/b>para remodelar de forma integral la<b> terminal de \u00f3mnibus de Retiro<\/b><\/a>,<b> <\/b>la m\u00e1s importante de transporte automotor de pasajeros donde circulan entre 10 y 12 millones de pasajeros al a\u00f1o. De esa forma, se declar\u00f3 la iniciativa de \u201c<b>inter\u00e9s p\u00fablico<\/b>\u201d y promete modernizarla al incluir <b>nuevos espacios, <\/b><i><b>hub <\/b><\/i><b>de transporte y m\u00e1s comercios<\/b>. <\/p>\n<p>El <a href=\"https:\/\/www.boletinoficial.gob.ar\/detalleAviso\/primera\/341112\/20260424?busqueda=2\" rel=\"\" title=\"https:\/\/www.boletinoficial.gob.ar\/detalleAviso\/primera\/341112\/20260424?busqueda=2\">decreto 273\/2026<\/a>, publicado en el Bolet\u00edn Oficial el pasado viernes 24 de abril, considera que el proyecto consiste en \u201c<b>una renovaci\u00f3n integral y una ampliaci\u00f3n estrat\u00e9gica de la Estaci\u00f3n Terminal de \u00d3mnibus Retiro (ETOR)<\/b>, con la finalidad de transformarla en un <b>polo intermodal eficiente, accesible y contempor\u00e1neo<\/b>\u201d. Se trata de una \u201creconfiguraci\u00f3n funcional y program\u00e1tica\u201d que consiste incluye la \u201cincorporaci\u00f3n de nuevas actividades y servicios orientados a optimizar el rendimiento operativo, mejorar sustancialmente la experiencia del usuario y fortalecer la inserci\u00f3n urbana del conjunto\u201d.<\/p>\n<p><img loading=\"lazy\" decoding=\"async\" src=\"https:\/\/resizer.glanacion.com\/resizer\/v2\/FCXWTWM2MRCHPAZTC6ZKMBHQO4.JPG?auth=a1c8d29f76c8d23d37401f4fb1c1cd0bfc9023758f00098f4db4d880afecfdd8&amp;smart=true&amp;width=2000&amp;height=1333\" alt=\"El Gobierno llam\u00f3 a una lictaci\u00f3n para renovar la terminal de \u00f3mnibus de Retiro\" height=\"1333\" width=\"2000\" \/><\/p>\n<p>\u201cEl proyecto busca reposicionar a la terminal como <b>un nodo clave dentro del sistema metropolitano y nacional de transporte<\/b>, promoviendo la integraci\u00f3n de distintos medios de movilidad y consolidando una plataforma urbana de usos m\u00faltiples que dinamice el \u00e1rea desde el punto de vista econ\u00f3mico, social y cultural, a trav\u00e9s de la <b>modernizaci\u00f3n de su infraestructura y de garantizar est\u00e1ndares de accesibilidad universal y sostenibilidad<\/b>\u201d, detalla la normativa en sus considerandos.<\/p>\n<p>Las obras previstas incluyen el <b>reacondicionamiento, la modernizaci\u00f3n y la ampliaci\u00f3n de la terminal<\/b>, junto con la <b>optimizaci\u00f3n de los servicios de administraci\u00f3n, mantenimiento y operaci\u00f3n<\/b>. A su vez, se contempla el desarrollo de <b>espacios complementarios<\/b> a definirse en el proceso licitatorio.<\/p>\n<p>Adem\u00e1s de la mejora en las condiciones operativas, el proyecto tendr\u00e1 un impacto positivo en el entorno urbano, puesto que podr\u00e1 contribuir al ordenamiento del tr\u00e1nsito y a la generaci\u00f3n de nuevas alternativas de circulaci\u00f3n en una de las zonas m\u00e1s din\u00e1micas de la Ciudad. Asimismo, se prev\u00e9 un <b>incremento significativo en los ingresos p\u00fablicos<\/b>.<\/p>\n<p>La medida busca modernizar por completo la concesi\u00f3n de la terminal m\u00e1s importante de transporte automotor de pasajeros bajo un esquema de concesi\u00f3n con <b>financiamiento 100% privado<\/b>. En ese sentido, se present\u00f3 el plan de renovaci\u00f3n de la terminal de Retiro a cuatro empresas para participar de la licitaci\u00f3n: <b>Inverlat Investment, <\/b>la compa\u00f1\u00eda due\u00f1a de <b>Havanna<\/b>; Service Trade, del grupo inmobiliario Narv\u00e1ez, especializados en remates; Inversiones Peirod, de dos empresarios, Javier Peire y Mat\u00edas Rodr\u00edguez; y BV Investment. De esta manera, <b>se pone fin a una concesi\u00f3n otorgada en 1993, actualmente vencida, a cargo de la empresa TEBA S.A.<\/b>, de N\u00e9stor Otero.<\/p>\n<p>El llamado p\u00fablico contempla <b>ampliar su infraestructura, modernizar los accesos y sistemas de seguridad<\/b>. Tambi\u00e9n se les ofrece que administren la terminal, exploten comercialmente \u00e1reas rentables y sumen servicios complementarios.<\/p>\n<p><img loading=\"lazy\" decoding=\"async\" src=\"https:\/\/resizer.glanacion.com\/resizer\/v2\/4E2MZ4WZPVGGPLXMLXNTGWTOBY.png?auth=9f31ebd81a57888b6ba1ebcdf43fcfef4a23455648e15bda86e60bf554a51013&amp;smart=true&amp;width=602&amp;height=582\" alt=\"El mensaje de Luis Caputo sobre la modernizaci\u00f3n de la terminal de Retiro\" height=\"582\" width=\"602\" \/><\/p>\n<p>El decreto obliga a lanzar una <b>licitaci\u00f3n p\u00fablica en un plazo de 60 d\u00edas<\/b> para elegir al concesionario final. Las empresas impulsoras corren con ventaja por haber presentado la iniciativa, aunque <b>competir\u00e1n otros proyectos.<\/b> En tanto el decreto tambi\u00e9n remarca que el futuro concesionario deber\u00e1 <b>pagar un canon mensual al Estado<\/b>, financiar las obras, operar la terminal y explotar comercialmente los espacios.<\/p>\n<p>La propuesta de <b>Inverlat <\/b>y sus socios, que hab\u00eda sido presentada en 2025, <a href=\"https:\/\/www.lanacion.com.ar\/economia\/el-gobierno-convoca-una-licitacion-privada-para-remodelar-la-terminal-de-retiro-nid24042026\/\" target=\"_blank\" rel=\"noreferrer\" title=\"https:\/\/www.lanacion.com.ar\/economia\/el-gobierno-convoca-una-licitacion-privada-para-remodelar-la-terminal-de-retiro-nid24042026\/\">seg\u00fan inform\u00f3 entonces<b> LA NACION<\/b><\/a><b>, <\/b>solicita una <b>concesi\u00f3n de 30 a\u00f1os y propone una inversi\u00f3n estimada de US$79 millones<\/b>, con obras establecidas en cinco a\u00f1os. <b>El canon mensual ofrecido es de $100 millones mensuales <\/b>(aproximadamente US$71.500 al tipo de cambio oficial de hoy).<\/p>\n<p>\u00a0El Gobierno har\u00e1 la licitaci\u00f3n para la remodelaci\u00f3n de la terminal de \u00f3mnibus que se encuentra en el barrio porte\u00f1o para modernizarla\u00a0\u00a0LA NACION<\/p>","protected":false},"excerpt":{"rendered":"<p>El gobierno nacional llam\u00f3 a una licitaci\u00f3n privada para remodelar de forma integral la terminal de \u00f3mnibus de Retiro, la m\u00e1s importante de transporte automotor de pasajeros donde circulan entre 10 y 12 millones de pasajeros al a\u00f1o. De esa forma, se declar\u00f3 la iniciativa de \u201cinter\u00e9s p\u00fablico\u201d y promete modernizarla al incluir nuevos espacios, &hellip;<\/p>\n","protected":false},"author":1,"featured_media":243195,"comment_status":"","ping_status":"open","sticky":false,"template":"","format":"standard","meta":{"footnotes":""},"categories":[38,10],"tags":[],"class_list":["post-243194","post","type-post","status-publish","format-standard","has-post-thumbnail","hentry","category-nacionales","category-ultimasnoticias"],"_links":{"self":[{"href":"http:\/\/enlace24.com\/web\/wp-json\/wp\/v2\/posts\/243194","targetHints":{"allow":["GET"]}}],"collection":[{"href":"http:\/\/enlace24.com\/web\/wp-json\/wp\/v2\/posts"}],"about":[{"href":"http:\/\/enlace24.com\/web\/wp-json\/wp\/v2\/types\/post"}],"author":[{"embeddable":true,"href":"http:\/\/enlace24.com\/web\/wp-json\/wp\/v2\/users\/1"}],"replies":[{"embeddable":true,"href":"http:\/\/enlace24.com\/web\/wp-json\/wp\/v2\/comments?post=243194"}],"version-history":[{"count":0,"href":"http:\/\/enlace24.com\/web\/wp-json\/wp\/v2\/posts\/243194\/revisions"}],"wp:featuredmedia":[{"embeddable":true,"href":"http:\/\/enlace24.com\/web\/wp-json\/wp\/v2\/media\/243195"}],"wp:attachment":[{"href":"http:\/\/enlace24.com\/web\/wp-json\/wp\/v2\/media?parent=243194"}],"wp:term":[{"taxonomy":"category","embeddable":true,"href":"http:\/\/enlace24.com\/web\/wp-json\/wp\/v2\/categories?post=243194"},{"taxonomy":"post_tag","embeddable":true,"href":"http:\/\/enlace24.com\/web\/wp-json\/wp\/v2\/tags?post=243194"}],"curies":[{"name":"wp","href":"https:\/\/api.w.org\/{rel}","templated":true}]}}